{"id":1162,"date":"2006-03-08T00:00:00","date_gmt":"2006-03-07T23:00:00","guid":{"rendered":"http:\/\/ifmarinvast.se\/2016\/vad-hander\/"},"modified":"2015-10-11T14:42:23","modified_gmt":"2015-10-11T12:42:23","slug":"vad-hander","status":"publish","type":"post","link":"https:\/\/www.ifmarinvast.se\/orientering\/vad-hander\/","title":{"rendered":"Vad h\u00e4nder?"},"content":{"rendered":"<p>Planeringen f\u00f6r orienteringsv\u00e5ren i IFMV b\u00f6rjar ta form! Bland annat:<\/p>\n<p><b>Tisdagstr\u00e4ningar<\/b> med ledarledd stavg\u00e5ng och egenledd jogging planeras b\u00f6rja i slutet av mars<br \/><b>Torsdagstr\u00e4ningarna<\/b> b\u00f6rjar 30 mars<br \/><b>Ungdomsgrupperna<\/b> drar ig\u00e5ng sina tr\u00e4ningar 25 mars<br \/><b>Klubbt\u00e4vlingar<\/b>, de t\u00e4vlingar som vi tycker alla ska prioritera att anm\u00e4la sig till s\u00e5 vi blir m\u00e5nga p\u00e5, blir 26\/3, 2\/4, 17\/4. Se <a href='tavling'>t\u00e4vlingskalendern<\/a>!<br \/><b>Klubbtr\u00e4ningar<\/b> med banor f\u00f6r stora som sm\u00e5, nyb\u00f6rjare som erfarna, i klubben planeras till den 29 april och ihop med v\u00e5ravslutningen den 10 juni<br \/><b>En vuxenkurs<\/b> i orientering kan t\u00e4nkas bli av i v\u00e5r. F\u00f6r\u00e4ldrar eller andra medlemmar som vill l\u00e4ra sig eller l\u00e4ra mer kan <a href=mailto:linda@ifmv.nu>h\u00f6ra av sig till mig<\/a> med \u00f6nskem\u00e5l om vad, s\u00e5 ser vi hur m\u00e5nga vi kan bli! \u00d6ppet f\u00f6r b\u00e5de aktiva och st\u00f6djande medlemmar.<\/p>\n<p>G\u00e4stboken st\u00e5r \u00f6ppen f\u00f6r synpunkter!<\/p>\n","protected":false},"excerpt":{"rendered":"<p>Planeringen f\u00f6r orienteringsv\u00e5ren i IFMV b\u00f6rjar ta form! Bland annat: Tisdagstr\u00e4ningar med ledarledd stavg\u00e5ng och egenledd jogging planeras b\u00f6rja i slutet av marsTorsdagstr\u00e4ningarna b\u00f6rjar 30 marsUngdomsgrupperna drar ig\u00e5ng sina tr\u00e4ningar [&hellip;]<\/p>\n","protected":false},"author":2,"featured_media":0,"comment_status":"open","ping_status":"open","sticky":false,"template":"","format":"standard","meta":{"footnotes":""},"categories":[262,1],"tags":[],"class_list":["post-1162","post","type-post","status-publish","format-standard","hentry","category-nyheter","category-okategoriserade"],"_links":{"self":[{"href":"https:\/\/www.ifmarinvast.se\/orientering\/wp-json\/wp\/v2\/posts\/1162","targetHints":{"allow":["GET"]}}],"collection":[{"href":"https:\/\/www.ifmarinvast.se\/orientering\/wp-json\/wp\/v2\/posts"}],"about":[{"href":"https:\/\/www.ifmarinvast.se\/orientering\/wp-json\/wp\/v2\/types\/post"}],"author":[{"embeddable":true,"href":"https:\/\/www.ifmarinvast.se\/orientering\/wp-json\/wp\/v2\/users\/2"}],"replies":[{"embeddable":true,"href":"https:\/\/www.ifmarinvast.se\/orientering\/wp-json\/wp\/v2\/comments?post=1162"}],"version-history":[{"count":1,"href":"https:\/\/www.ifmarinvast.se\/orientering\/wp-json\/wp\/v2\/posts\/1162\/revisions"}],"predecessor-version":[{"id":3069,"href":"https:\/\/www.ifmarinvast.se\/orientering\/wp-json\/wp\/v2\/posts\/1162\/revisions\/3069"}],"wp:attachment":[{"href":"https:\/\/www.ifmarinvast.se\/orientering\/wp-json\/wp\/v2\/media?parent=1162"}],"wp:term":[{"taxonomy":"category","embeddable":true,"href":"https:\/\/www.ifmarinvast.se\/orientering\/wp-json\/wp\/v2\/categories?post=1162"},{"taxonomy":"post_tag","embeddable":true,"href":"https:\/\/www.ifmarinvast.se\/orientering\/wp-json\/wp\/v2\/tags?post=1162"}],"curies":[{"name":"wp","href":"https:\/\/api.w.org\/{rel}","templated":true}]}}