{"id":1161,"date":"2006-03-07T00:00:00","date_gmt":"2006-03-06T23:00:00","guid":{"rendered":"http:\/\/ifmarinvast.se\/2016\/varens-stadschema\/"},"modified":"2015-10-11T14:42:37","modified_gmt":"2015-10-11T12:42:37","slug":"varens-stadschema","status":"publish","type":"post","link":"https:\/\/www.ifmarinvast.se\/orientering\/varens-stadschema\/","title":{"rendered":"V\u00e5rens st\u00e4dschema"},"content":{"rendered":"<p><img src='pic\/mopp.jpg' border='0' align='right'>Nu finns v\u00e5rens st\u00e4dschema p\u00e5 hemsidan. I v\u00e5r st\u00e4dar vi enbart Lilla P\u00e5velundsskolan p\u00e5 Redegatan.<\/p>\n<p>Kontrollera dina tider och f\u00f6rs\u00f6k byta tid med ett annat st\u00e4dlag om tiden inte passar.<\/p>\n<p><a href='stadschema\/'>V\u00e5rens st\u00e4dschema \u00bb<\/a><\/p>\n","protected":false},"excerpt":{"rendered":"<p>Nu finns v\u00e5rens st\u00e4dschema p\u00e5 hemsidan. I v\u00e5r st\u00e4dar vi enbart Lilla P\u00e5velundsskolan p\u00e5 Redegatan. Kontrollera dina tider och f\u00f6rs\u00f6k byta tid med ett annat st\u00e4dlag om tiden inte passar. [&hellip;]<\/p>\n","protected":false},"author":2,"featured_media":0,"comment_status":"open","ping_status":"open","sticky":false,"template":"","format":"standard","meta":{"footnotes":""},"categories":[262,1],"tags":[],"class_list":["post-1161","post","type-post","status-publish","format-standard","hentry","category-nyheter","category-okategoriserade"],"_links":{"self":[{"href":"https:\/\/www.ifmarinvast.se\/orientering\/wp-json\/wp\/v2\/posts\/1161","targetHints":{"allow":["GET"]}}],"collection":[{"href":"https:\/\/www.ifmarinvast.se\/orientering\/wp-json\/wp\/v2\/posts"}],"about":[{"href":"https:\/\/www.ifmarinvast.se\/orientering\/wp-json\/wp\/v2\/types\/post"}],"author":[{"embeddable":true,"href":"https:\/\/www.ifmarinvast.se\/orientering\/wp-json\/wp\/v2\/users\/2"}],"replies":[{"embeddable":true,"href":"https:\/\/www.ifmarinvast.se\/orientering\/wp-json\/wp\/v2\/comments?post=1161"}],"version-history":[{"count":1,"href":"https:\/\/www.ifmarinvast.se\/orientering\/wp-json\/wp\/v2\/posts\/1161\/revisions"}],"predecessor-version":[{"id":1894,"href":"https:\/\/www.ifmarinvast.se\/orientering\/wp-json\/wp\/v2\/posts\/1161\/revisions\/1894"}],"wp:attachment":[{"href":"https:\/\/www.ifmarinvast.se\/orientering\/wp-json\/wp\/v2\/media?parent=1161"}],"wp:term":[{"taxonomy":"category","embeddable":true,"href":"https:\/\/www.ifmarinvast.se\/orientering\/wp-json\/wp\/v2\/categories?post=1161"},{"taxonomy":"post_tag","embeddable":true,"href":"https:\/\/www.ifmarinvast.se\/orientering\/wp-json\/wp\/v2\/tags?post=1161"}],"curies":[{"name":"wp","href":"https:\/\/api.w.org\/{rel}","templated":true}]}}