{"id":1160,"date":"2006-03-07T00:00:00","date_gmt":"2006-03-06T23:00:00","guid":{"rendered":"http:\/\/ifmarinvast.se\/2016\/1060\/"},"modified":"2015-10-11T14:42:37","modified_gmt":"2015-10-11T12:42:37","slug":"1060","status":"publish","type":"post","link":"https:\/\/www.ifmarinvast.se\/orientering\/1060\/","title":{"rendered":"\u00c4ven TAIKs t\u00e4vling den 18 mars i Tuve har blivit&#8230;"},"content":{"rendered":"<p>\u00c4ven TAIKs t\u00e4vling den 18 mars i Tuve har blivit inst\u00e4lld pga f\u00f6r mycket sn\u00f6.<\/p>\n","protected":false},"excerpt":{"rendered":"<p>\u00c4ven TAIKs t\u00e4vling den 18 mars i Tuve har blivit inst\u00e4lld pga f\u00f6r mycket sn\u00f6.<\/p>\n","protected":false},"author":2,"featured_media":0,"comment_status":"open","ping_status":"open","sticky":false,"template":"","format":"standard","meta":{"footnotes":""},"categories":[262,1],"tags":[],"class_list":["post-1160","post","type-post","status-publish","format-standard","hentry","category-nyheter","category-okategoriserade"],"_links":{"self":[{"href":"https:\/\/www.ifmarinvast.se\/orientering\/wp-json\/wp\/v2\/posts\/1160","targetHints":{"allow":["GET"]}}],"collection":[{"href":"https:\/\/www.ifmarinvast.se\/orientering\/wp-json\/wp\/v2\/posts"}],"about":[{"href":"https:\/\/www.ifmarinvast.se\/orientering\/wp-json\/wp\/v2\/types\/post"}],"author":[{"embeddable":true,"href":"https:\/\/www.ifmarinvast.se\/orientering\/wp-json\/wp\/v2\/users\/2"}],"replies":[{"embeddable":true,"href":"https:\/\/www.ifmarinvast.se\/orientering\/wp-json\/wp\/v2\/comments?post=1160"}],"version-history":[{"count":1,"href":"https:\/\/www.ifmarinvast.se\/orientering\/wp-json\/wp\/v2\/posts\/1160\/revisions"}],"predecessor-version":[{"id":1893,"href":"https:\/\/www.ifmarinvast.se\/orientering\/wp-json\/wp\/v2\/posts\/1160\/revisions\/1893"}],"wp:attachment":[{"href":"https:\/\/www.ifmarinvast.se\/orientering\/wp-json\/wp\/v2\/media?parent=1160"}],"wp:term":[{"taxonomy":"category","embeddable":true,"href":"https:\/\/www.ifmarinvast.se\/orientering\/wp-json\/wp\/v2\/categories?post=1160"},{"taxonomy":"post_tag","embeddable":true,"href":"https:\/\/www.ifmarinvast.se\/orientering\/wp-json\/wp\/v2\/tags?post=1160"}],"curies":[{"name":"wp","href":"https:\/\/api.w.org\/{rel}","templated":true}]}}