{"id":1149,"date":"2006-02-15T00:00:00","date_gmt":"2006-02-14T23:00:00","guid":{"rendered":"http:\/\/ifmarinvast.se\/2016\/inbjudan-traningslager-med-herkules\/"},"modified":"2015-10-11T14:42:38","modified_gmt":"2015-10-11T12:42:38","slug":"inbjudan-traningslager-med-herkules","status":"publish","type":"post","link":"https:\/\/www.ifmarinvast.se\/orientering\/inbjudan-traningslager-med-herkules\/","title":{"rendered":"Inbjudan tr\u00e4ningsl\u00e4ger med Herkules"},"content":{"rendered":"<p><img src='pic\/fkherkules.gif' align='right' border='0'>Chans till en bra tr\u00e4ningshelg!!!<\/p>\n<p>I \u00e5r blir det inget &#8217;eget&#8217; v\u00e5rtr\u00e4ningsl\u00e4ger f\u00f6r IF Marin V\u00e4st men alla som vill \u00e4r v\u00e4lkomna att deltaga p\u00e5 det uppstartsl\u00e4ger f\u00f6r s\u00e4songen som FK Herkules anordnar. <\/p>\n<p>L\u00e4gret \u00e4r i Bunketorp s\u00e5 man kan v\u00e4lja att antingen sova d\u00e4r eller hemma. Det blir ett nattpass den 3 mars, 2 dagpass den 4 mars och 1 dagpass <br \/>den 5 mars.  Kostnaden blir 80 kr f\u00f6r hela <br \/>l\u00e4gret eller 50 kr f\u00f6r endast l\u00f6rdagen.<\/p>\n<p>Anm\u00e4l direkt till mig s\u00e5 vidarebefodrar jag till Herkules. martin@ifmv.nu eller 031-545480. \u00c4ven fr\u00e5gor den v\u00e4gen.<\/p>\n","protected":false},"excerpt":{"rendered":"<p>Chans till en bra tr\u00e4ningshelg!!! I \u00e5r blir det inget &#8217;eget&#8217; v\u00e5rtr\u00e4ningsl\u00e4ger f\u00f6r IF Marin V\u00e4st men alla som vill \u00e4r v\u00e4lkomna att deltaga p\u00e5 det uppstartsl\u00e4ger f\u00f6r s\u00e4songen som [&hellip;]<\/p>\n","protected":false},"author":2,"featured_media":0,"comment_status":"open","ping_status":"open","sticky":false,"template":"","format":"standard","meta":{"footnotes":""},"categories":[262,1],"tags":[],"class_list":["post-1149","post","type-post","status-publish","format-standard","hentry","category-nyheter","category-okategoriserade"],"_links":{"self":[{"href":"https:\/\/www.ifmarinvast.se\/orientering\/wp-json\/wp\/v2\/posts\/1149","targetHints":{"allow":["GET"]}}],"collection":[{"href":"https:\/\/www.ifmarinvast.se\/orientering\/wp-json\/wp\/v2\/posts"}],"about":[{"href":"https:\/\/www.ifmarinvast.se\/orientering\/wp-json\/wp\/v2\/types\/post"}],"author":[{"embeddable":true,"href":"https:\/\/www.ifmarinvast.se\/orientering\/wp-json\/wp\/v2\/users\/2"}],"replies":[{"embeddable":true,"href":"https:\/\/www.ifmarinvast.se\/orientering\/wp-json\/wp\/v2\/comments?post=1149"}],"version-history":[{"count":1,"href":"https:\/\/www.ifmarinvast.se\/orientering\/wp-json\/wp\/v2\/posts\/1149\/revisions"}],"predecessor-version":[{"id":3072,"href":"https:\/\/www.ifmarinvast.se\/orientering\/wp-json\/wp\/v2\/posts\/1149\/revisions\/3072"}],"wp:attachment":[{"href":"https:\/\/www.ifmarinvast.se\/orientering\/wp-json\/wp\/v2\/media?parent=1149"}],"wp:term":[{"taxonomy":"category","embeddable":true,"href":"https:\/\/www.ifmarinvast.se\/orientering\/wp-json\/wp\/v2\/categories?post=1149"},{"taxonomy":"post_tag","embeddable":true,"href":"https:\/\/www.ifmarinvast.se\/orientering\/wp-json\/wp\/v2\/tags?post=1149"}],"curies":[{"name":"wp","href":"https:\/\/api.w.org\/{rel}","templated":true}]}}