{"id":1145,"date":"2006-02-06T00:00:00","date_gmt":"2006-02-05T23:00:00","guid":{"rendered":"http:\/\/ifmarinvast.se\/2016\/bilder-fran-vintercup-4\/"},"modified":"2015-10-11T14:42:38","modified_gmt":"2015-10-11T12:42:38","slug":"bilder-fran-vintercup-4","status":"publish","type":"post","link":"https:\/\/www.ifmarinvast.se\/orientering\/bilder-fran-vintercup-4\/","title":{"rendered":"Bilder fr\u00e5n Vintercup 4"},"content":{"rendered":"<p><a href='http:\/\/klas.myphotos.cc\/ifmv\/www\/album\/album\/2006-02-05-2\/2006-02-05-2.html' target='_blank'>H\u00e4r finns lite bilder fr\u00e5n helgens Vintercup i Bunketorp ><\/a><\/p>\n<p>Detta var den 4:etappen av 6. N\u00e4sta chans att springa Vintercup \u00e4r den 19 feb. Se kalendern f\u00f6r mer info.<\/p>\n","protected":false},"excerpt":{"rendered":"<p>H\u00e4r finns lite bilder fr\u00e5n helgens Vintercup i Bunketorp > Detta var den 4:etappen av 6. N\u00e4sta chans att springa Vintercup \u00e4r den 19 feb. Se kalendern f\u00f6r mer info.<\/p>\n","protected":false},"author":2,"featured_media":0,"comment_status":"open","ping_status":"open","sticky":false,"template":"","format":"standard","meta":{"footnotes":""},"categories":[262,1],"tags":[],"class_list":["post-1145","post","type-post","status-publish","format-standard","hentry","category-nyheter","category-okategoriserade"],"_links":{"self":[{"href":"https:\/\/www.ifmarinvast.se\/orientering\/wp-json\/wp\/v2\/posts\/1145","targetHints":{"allow":["GET"]}}],"collection":[{"href":"https:\/\/www.ifmarinvast.se\/orientering\/wp-json\/wp\/v2\/posts"}],"about":[{"href":"https:\/\/www.ifmarinvast.se\/orientering\/wp-json\/wp\/v2\/types\/post"}],"author":[{"embeddable":true,"href":"https:\/\/www.ifmarinvast.se\/orientering\/wp-json\/wp\/v2\/users\/2"}],"replies":[{"embeddable":true,"href":"https:\/\/www.ifmarinvast.se\/orientering\/wp-json\/wp\/v2\/comments?post=1145"}],"version-history":[{"count":1,"href":"https:\/\/www.ifmarinvast.se\/orientering\/wp-json\/wp\/v2\/posts\/1145\/revisions"}],"predecessor-version":[{"id":1886,"href":"https:\/\/www.ifmarinvast.se\/orientering\/wp-json\/wp\/v2\/posts\/1145\/revisions\/1886"}],"wp:attachment":[{"href":"https:\/\/www.ifmarinvast.se\/orientering\/wp-json\/wp\/v2\/media?parent=1145"}],"wp:term":[{"taxonomy":"category","embeddable":true,"href":"https:\/\/www.ifmarinvast.se\/orientering\/wp-json\/wp\/v2\/categories?post=1145"},{"taxonomy":"post_tag","embeddable":true,"href":"https:\/\/www.ifmarinvast.se\/orientering\/wp-json\/wp\/v2\/tags?post=1145"}],"curies":[{"name":"wp","href":"https:\/\/api.w.org\/{rel}","templated":true}]}}