{"id":1144,"date":"2006-01-31T00:00:00","date_gmt":"2006-01-30T23:00:00","guid":{"rendered":"http:\/\/ifmarinvast.se\/2016\/vintercup-4-i-bunketorp\/"},"modified":"2015-10-11T14:42:38","modified_gmt":"2015-10-11T12:42:38","slug":"vintercup-4-i-bunketorp","status":"publish","type":"post","link":"https:\/\/www.ifmarinvast.se\/orientering\/vintercup-4-i-bunketorp\/","title":{"rendered":"Vintercup 4 i Bunketorp"},"content":{"rendered":"<p><img src='http:\/\/homepage.mac.com\/anders.jonsson\/.cv\/anders.jonsson\/Sites\/.Pictures\/Photo%20Album%20Pictures\/2006-01-22%2009.38.47%20-0800\/Image-E034B5548B6C11DA.jpg-thumb_105_140.jpg' border='1' align='left'>S\u00f6ndag den 5 februari arrangerar IK Uven den fj\u00e4rde etappen av Vintercuppen. Det kommer som vanligt att finns sex olika banor att v\u00e4lja p\u00e5 och banorna ritas in av l\u00f6paren.<\/p>\n<p>Samling i Bunketorp, Lindome. V\u00e4gvisning fr\u00e5n v\u00e4gen mellan Lindome \u2013 H\u00e4lles\u00e5ker. Parkering n\u00e4ra TC. Kartf\u00f6rs\u00e4ljningen \u00f6ppnar 9.30. Gl\u00f6m inte SportIdent-pinnen.<\/p>\n<p><a href='http:\/\/www.svenskidrott.se\/organisation.asp?WCI=wiKlubbKassaNews&#038;WCU=565893&#038;CatId=25577' target='_blank'>L\u00e4s mer i inbjudan ><\/a><\/p>\n","protected":false},"excerpt":{"rendered":"<p>S\u00f6ndag den 5 februari arrangerar IK Uven den fj\u00e4rde etappen av Vintercuppen. Det kommer som vanligt att finns sex olika banor att v\u00e4lja p\u00e5 och banorna ritas in av l\u00f6paren. [&hellip;]<\/p>\n","protected":false},"author":2,"featured_media":0,"comment_status":"open","ping_status":"open","sticky":false,"template":"","format":"standard","meta":{"footnotes":""},"categories":[262,1],"tags":[],"class_list":["post-1144","post","type-post","status-publish","format-standard","hentry","category-nyheter","category-okategoriserade"],"_links":{"self":[{"href":"https:\/\/www.ifmarinvast.se\/orientering\/wp-json\/wp\/v2\/posts\/1144","targetHints":{"allow":["GET"]}}],"collection":[{"href":"https:\/\/www.ifmarinvast.se\/orientering\/wp-json\/wp\/v2\/posts"}],"about":[{"href":"https:\/\/www.ifmarinvast.se\/orientering\/wp-json\/wp\/v2\/types\/post"}],"author":[{"embeddable":true,"href":"https:\/\/www.ifmarinvast.se\/orientering\/wp-json\/wp\/v2\/users\/2"}],"replies":[{"embeddable":true,"href":"https:\/\/www.ifmarinvast.se\/orientering\/wp-json\/wp\/v2\/comments?post=1144"}],"version-history":[{"count":1,"href":"https:\/\/www.ifmarinvast.se\/orientering\/wp-json\/wp\/v2\/posts\/1144\/revisions"}],"predecessor-version":[{"id":3073,"href":"https:\/\/www.ifmarinvast.se\/orientering\/wp-json\/wp\/v2\/posts\/1144\/revisions\/3073"}],"wp:attachment":[{"href":"https:\/\/www.ifmarinvast.se\/orientering\/wp-json\/wp\/v2\/media?parent=1144"}],"wp:term":[{"taxonomy":"category","embeddable":true,"href":"https:\/\/www.ifmarinvast.se\/orientering\/wp-json\/wp\/v2\/categories?post=1144"},{"taxonomy":"post_tag","embeddable":true,"href":"https:\/\/www.ifmarinvast.se\/orientering\/wp-json\/wp\/v2\/tags?post=1144"}],"curies":[{"name":"wp","href":"https:\/\/api.w.org\/{rel}","templated":true}]}}