{"id":1142,"date":"2006-01-30T00:00:00","date_gmt":"2006-01-29T23:00:00","guid":{"rendered":"http:\/\/ifmarinvast.se\/2016\/orientering-pa-vid-sisjons-skjutfalt\/"},"modified":"2015-10-11T14:42:39","modified_gmt":"2015-10-11T12:42:39","slug":"orientering-pa-vid-sisjons-skjutfalt","status":"publish","type":"post","link":"https:\/\/www.ifmarinvast.se\/orientering\/orientering-pa-vid-sisjons-skjutfalt\/","title":{"rendered":"Orientering p\u00e5 &#038; vid Sisj\u00f6ns skjutf\u00e4lt"},"content":{"rendered":"<p>Citerar GOFs hemsida ang<br \/>&#8217;GOF fick ett brev av Marinens Skyttef\u00f6rening i nov. 05 om orienteringsl\u00f6pare som haft tr\u00e4ning fast r\u00f6d flagga var hissad i Sisj\u00f6omr\u00e5det. Nedan information som styrelsen beslutat skall finnas p\u00e5 v\u00e5r hemsida.<\/p>\n<p>Ansvarig milit\u00e4r ledning f\u00f6r skjutomr\u00e5det st\u00e4ller krav att f\u00f6ljande meddelande n\u00e5r ut till orienterare s\u00e5v\u00e4l som klubbar i G\u00f6teborgs distrikt:<\/p>\n<p><i>&#8211; Det \u00e4r ett oavvisligt krav att arrangerande orienteringsklubb tar reda p\u00e5 om det f\u00f6rekommer skarpskjutning p\u00e5 Sisj\u00f6ns skjutf\u00e4lt om orientering sker i n\u00e4rheten av skjutf\u00e4ltet. Kontakt ta\u00b4s med Skjutf\u00e4ltsavdelningen p\u00e5 FSC (fd Amf 4), K\u00e4ringberget.<\/i> (2006-01-22)&#8217;<\/p>\n","protected":false},"excerpt":{"rendered":"<p>Citerar GOFs hemsida ang&#8217;GOF fick ett brev av Marinens Skyttef\u00f6rening i nov. 05 om orienteringsl\u00f6pare som haft tr\u00e4ning fast r\u00f6d flagga var hissad i Sisj\u00f6omr\u00e5det. Nedan information som styrelsen beslutat [&hellip;]<\/p>\n","protected":false},"author":2,"featured_media":0,"comment_status":"open","ping_status":"open","sticky":false,"template":"","format":"standard","meta":{"footnotes":""},"categories":[262,1],"tags":[],"class_list":["post-1142","post","type-post","status-publish","format-standard","hentry","category-nyheter","category-okategoriserade"],"_links":{"self":[{"href":"https:\/\/www.ifmarinvast.se\/orientering\/wp-json\/wp\/v2\/posts\/1142","targetHints":{"allow":["GET"]}}],"collection":[{"href":"https:\/\/www.ifmarinvast.se\/orientering\/wp-json\/wp\/v2\/posts"}],"about":[{"href":"https:\/\/www.ifmarinvast.se\/orientering\/wp-json\/wp\/v2\/types\/post"}],"author":[{"embeddable":true,"href":"https:\/\/www.ifmarinvast.se\/orientering\/wp-json\/wp\/v2\/users\/2"}],"replies":[{"embeddable":true,"href":"https:\/\/www.ifmarinvast.se\/orientering\/wp-json\/wp\/v2\/comments?post=1142"}],"version-history":[{"count":1,"href":"https:\/\/www.ifmarinvast.se\/orientering\/wp-json\/wp\/v2\/posts\/1142\/revisions"}],"predecessor-version":[{"id":3074,"href":"https:\/\/www.ifmarinvast.se\/orientering\/wp-json\/wp\/v2\/posts\/1142\/revisions\/3074"}],"wp:attachment":[{"href":"https:\/\/www.ifmarinvast.se\/orientering\/wp-json\/wp\/v2\/media?parent=1142"}],"wp:term":[{"taxonomy":"category","embeddable":true,"href":"https:\/\/www.ifmarinvast.se\/orientering\/wp-json\/wp\/v2\/categories?post=1142"},{"taxonomy":"post_tag","embeddable":true,"href":"https:\/\/www.ifmarinvast.se\/orientering\/wp-json\/wp\/v2\/tags?post=1142"}],"curies":[{"name":"wp","href":"https:\/\/api.w.org\/{rel}","templated":true}]}}