{"id":1140,"date":"2006-01-27T00:00:00","date_gmt":"2006-01-26T23:00:00","guid":{"rendered":"http:\/\/ifmarinvast.se\/2016\/prova-skidorientering-pa-sondag\/"},"modified":"2015-10-11T14:42:39","modified_gmt":"2015-10-11T12:42:39","slug":"prova-skidorientering-pa-sondag","status":"publish","type":"post","link":"https:\/\/www.ifmarinvast.se\/orientering\/prova-skidorientering-pa-sondag\/","title":{"rendered":"Pr\u00f6va skidorientering p\u00e5 s\u00f6ndag!"},"content":{"rendered":"<p>Lerums SOK informerar:<\/p>\n<p>&#8217;Detta skall vi g\u00f6ra p\u00e5 s\u00f6ndag. Intresserade h\u00f6r av er, h\u00e4lsar v\u00e5r OL kommitt\u00e9. Vintern forts\u00e4tter &#8211; det blir skid-Ol p\u00e5 s\u00f6ndag!<br \/>Eftersom vintern h\u00e5ller i sig och det finns fina skidsp\u00e5r i H\u00e4rskogen s\u00e5 skjuter vi p\u00e5 den planerade sprintorienteringen p\u00e5 s\u00f6ndag. Ist\u00e4llet blir det skidorientering  med start kl 11.00. Olle har lagt en &#8217;prova p\u00e5 bana&#8217; d\u00e4r alla kan testa sin orienteringsf\u00f6rm\u00e5ga med skidor p\u00e5 f\u00f6tterna.<br \/>Telefon 0302-318 65 eller mail kansli@lsok.nu&#8217;<\/p>\n","protected":false},"excerpt":{"rendered":"<p>Lerums SOK informerar: &#8217;Detta skall vi g\u00f6ra p\u00e5 s\u00f6ndag. Intresserade h\u00f6r av er, h\u00e4lsar v\u00e5r OL kommitt\u00e9. Vintern forts\u00e4tter &#8211; det blir skid-Ol p\u00e5 s\u00f6ndag!Eftersom vintern h\u00e5ller i sig och [&hellip;]<\/p>\n","protected":false},"author":2,"featured_media":0,"comment_status":"open","ping_status":"open","sticky":false,"template":"","format":"standard","meta":{"footnotes":""},"categories":[262,1],"tags":[],"class_list":["post-1140","post","type-post","status-publish","format-standard","hentry","category-nyheter","category-okategoriserade"],"_links":{"self":[{"href":"https:\/\/www.ifmarinvast.se\/orientering\/wp-json\/wp\/v2\/posts\/1140","targetHints":{"allow":["GET"]}}],"collection":[{"href":"https:\/\/www.ifmarinvast.se\/orientering\/wp-json\/wp\/v2\/posts"}],"about":[{"href":"https:\/\/www.ifmarinvast.se\/orientering\/wp-json\/wp\/v2\/types\/post"}],"author":[{"embeddable":true,"href":"https:\/\/www.ifmarinvast.se\/orientering\/wp-json\/wp\/v2\/users\/2"}],"replies":[{"embeddable":true,"href":"https:\/\/www.ifmarinvast.se\/orientering\/wp-json\/wp\/v2\/comments?post=1140"}],"version-history":[{"count":1,"href":"https:\/\/www.ifmarinvast.se\/orientering\/wp-json\/wp\/v2\/posts\/1140\/revisions"}],"predecessor-version":[{"id":3076,"href":"https:\/\/www.ifmarinvast.se\/orientering\/wp-json\/wp\/v2\/posts\/1140\/revisions\/3076"}],"wp:attachment":[{"href":"https:\/\/www.ifmarinvast.se\/orientering\/wp-json\/wp\/v2\/media?parent=1140"}],"wp:term":[{"taxonomy":"category","embeddable":true,"href":"https:\/\/www.ifmarinvast.se\/orientering\/wp-json\/wp\/v2\/categories?post=1140"},{"taxonomy":"post_tag","embeddable":true,"href":"https:\/\/www.ifmarinvast.se\/orientering\/wp-json\/wp\/v2\/tags?post=1140"}],"curies":[{"name":"wp","href":"https:\/\/api.w.org\/{rel}","templated":true}]}}