{"id":1137,"date":"2006-01-20T00:00:00","date_gmt":"2006-01-19T23:00:00","guid":{"rendered":"http:\/\/ifmarinvast.se\/2016\/vintercup-i-snokladd-skog\/"},"modified":"2015-10-11T14:42:39","modified_gmt":"2015-10-11T12:42:39","slug":"vintercup-i-snokladd-skog","status":"publish","type":"post","link":"https:\/\/www.ifmarinvast.se\/orientering\/vintercup-i-snokladd-skog\/","title":{"rendered":"Vintercup i sn\u00f6kl\u00e4dd skog"},"content":{"rendered":"<p><img src='http:\/\/www.longitud.net\/ifmv\/vintercupen\/klippor.jpg' height='141' width='200' align='right'><br \/>S\u00f6ndagens vintercup h\u00e5lls som planerat p\u00e5 s\u00f6ndag. Det \u00e4r inte alls lika mycket sn\u00f6 i skogen som p\u00e5 \u00f6ppna ytor utan det g\u00e5r bra att springa d\u00e4r. Mjukt och sk\u00f6nt underlag och dessutom kan ju den som vill leka &#8217;f\u00f6lja John&#8217; i skogen g\u00f6ra det utan problem nu n\u00e4r sn\u00f6n ligger. <\/p>\n<p>Varmt v\u00e4lkomna!<\/p>\n<p><a href='http:\/\/www.ifmv.nu\/arrangemang\/vintercup2006\/'>L\u00e4s hela inbjudan h\u00e4r<\/a><\/p>\n","protected":false},"excerpt":{"rendered":"<p>S\u00f6ndagens vintercup h\u00e5lls som planerat p\u00e5 s\u00f6ndag. Det \u00e4r inte alls lika mycket sn\u00f6 i skogen som p\u00e5 \u00f6ppna ytor utan det g\u00e5r bra att springa d\u00e4r. Mjukt och sk\u00f6nt [&hellip;]<\/p>\n","protected":false},"author":2,"featured_media":0,"comment_status":"open","ping_status":"open","sticky":false,"template":"","format":"standard","meta":{"footnotes":""},"categories":[262,1],"tags":[],"class_list":["post-1137","post","type-post","status-publish","format-standard","hentry","category-nyheter","category-okategoriserade"],"_links":{"self":[{"href":"https:\/\/www.ifmarinvast.se\/orientering\/wp-json\/wp\/v2\/posts\/1137","targetHints":{"allow":["GET"]}}],"collection":[{"href":"https:\/\/www.ifmarinvast.se\/orientering\/wp-json\/wp\/v2\/posts"}],"about":[{"href":"https:\/\/www.ifmarinvast.se\/orientering\/wp-json\/wp\/v2\/types\/post"}],"author":[{"embeddable":true,"href":"https:\/\/www.ifmarinvast.se\/orientering\/wp-json\/wp\/v2\/users\/2"}],"replies":[{"embeddable":true,"href":"https:\/\/www.ifmarinvast.se\/orientering\/wp-json\/wp\/v2\/comments?post=1137"}],"version-history":[{"count":1,"href":"https:\/\/www.ifmarinvast.se\/orientering\/wp-json\/wp\/v2\/posts\/1137\/revisions"}],"predecessor-version":[{"id":1884,"href":"https:\/\/www.ifmarinvast.se\/orientering\/wp-json\/wp\/v2\/posts\/1137\/revisions\/1884"}],"wp:attachment":[{"href":"https:\/\/www.ifmarinvast.se\/orientering\/wp-json\/wp\/v2\/media?parent=1137"}],"wp:term":[{"taxonomy":"category","embeddable":true,"href":"https:\/\/www.ifmarinvast.se\/orientering\/wp-json\/wp\/v2\/categories?post=1137"},{"taxonomy":"post_tag","embeddable":true,"href":"https:\/\/www.ifmarinvast.se\/orientering\/wp-json\/wp\/v2\/tags?post=1137"}],"curies":[{"name":"wp","href":"https:\/\/api.w.org\/{rel}","templated":true}]}}