{"id":1129,"date":"2006-01-09T00:00:00","date_gmt":"2006-01-08T23:00:00","guid":{"rendered":"http:\/\/ifmarinvast.se\/2016\/vintercupen-drar-igang\/"},"modified":"2015-10-11T14:42:58","modified_gmt":"2015-10-11T12:42:58","slug":"vintercupen-drar-igang","status":"publish","type":"post","link":"https:\/\/www.ifmarinvast.se\/orientering\/vintercupen-drar-igang\/","title":{"rendered":"Vintercupen drar ig\u00e5ng!"},"content":{"rendered":"<p>Nu p\u00e5 s\u00f6ndag 15 januari g\u00e5r f\u00f6rsta etappen av 2006 \u00e5rs vintercup av stapeln. Samling vid FOLs klubbstuga i Sisj\u00f6n, start mellan 10 och 11.<br \/><strong>Vintercupen k\u00f6rs i \u00e5r med SportIdent s\u00e5 ta med din SportIdent-pinne!<\/strong> Det finns \u00e4ven nyb\u00f6rjar- och ungdomsbanor samt dusch och bastu.<\/p>\n<p>Det finns banor f\u00f6r b\u00e5de ungdom och \u00e4ldre, precis som p\u00e5 torsdagstr\u00e4ningarna. Cupen best\u00e5r av sex delt\u00e4vlingar, d\u00e4r resultaten r\u00e4knas samman. Eller, om man hellre vill: sex goa tr\u00e4ningstillf\u00e4llen under vinterf\u00f6rh\u00e5llanden.<\/p>\n<p>Vi ses d\u00e4r!<\/p>\n","protected":false},"excerpt":{"rendered":"<p>Nu p\u00e5 s\u00f6ndag 15 januari g\u00e5r f\u00f6rsta etappen av 2006 \u00e5rs vintercup av stapeln. Samling vid FOLs klubbstuga i Sisj\u00f6n, start mellan 10 och 11.Vintercupen k\u00f6rs i \u00e5r med SportIdent [&hellip;]<\/p>\n","protected":false},"author":2,"featured_media":0,"comment_status":"open","ping_status":"open","sticky":false,"template":"","format":"standard","meta":{"footnotes":""},"categories":[262,1],"tags":[],"class_list":["post-1129","post","type-post","status-publish","format-standard","hentry","category-nyheter","category-okategoriserade"],"_links":{"self":[{"href":"https:\/\/www.ifmarinvast.se\/orientering\/wp-json\/wp\/v2\/posts\/1129","targetHints":{"allow":["GET"]}}],"collection":[{"href":"https:\/\/www.ifmarinvast.se\/orientering\/wp-json\/wp\/v2\/posts"}],"about":[{"href":"https:\/\/www.ifmarinvast.se\/orientering\/wp-json\/wp\/v2\/types\/post"}],"author":[{"embeddable":true,"href":"https:\/\/www.ifmarinvast.se\/orientering\/wp-json\/wp\/v2\/users\/2"}],"replies":[{"embeddable":true,"href":"https:\/\/www.ifmarinvast.se\/orientering\/wp-json\/wp\/v2\/comments?post=1129"}],"version-history":[{"count":1,"href":"https:\/\/www.ifmarinvast.se\/orientering\/wp-json\/wp\/v2\/posts\/1129\/revisions"}],"predecessor-version":[{"id":1881,"href":"https:\/\/www.ifmarinvast.se\/orientering\/wp-json\/wp\/v2\/posts\/1129\/revisions\/1881"}],"wp:attachment":[{"href":"https:\/\/www.ifmarinvast.se\/orientering\/wp-json\/wp\/v2\/media?parent=1129"}],"wp:term":[{"taxonomy":"category","embeddable":true,"href":"https:\/\/www.ifmarinvast.se\/orientering\/wp-json\/wp\/v2\/categories?post=1129"},{"taxonomy":"post_tag","embeddable":true,"href":"https:\/\/www.ifmarinvast.se\/orientering\/wp-json\/wp\/v2\/tags?post=1129"}],"curies":[{"name":"wp","href":"https:\/\/api.w.org\/{rel}","templated":true}]}}