{"id":1113,"date":"2005-12-07T00:00:00","date_gmt":"2005-12-06T23:00:00","guid":{"rendered":"http:\/\/ifmarinvast.se\/2016\/foton-och-video-igen\/"},"modified":"2015-10-11T14:42:58","modified_gmt":"2015-10-11T12:42:58","slug":"foton-och-video-igen","status":"publish","type":"post","link":"https:\/\/www.ifmarinvast.se\/orientering\/foton-och-video-igen\/","title":{"rendered":"Foton och video igen!"},"content":{"rendered":"<p><a href='http:\/\/klas.myphotos.cc\/ifmv\/www\/album\/album\/2005-09-19\/pages\/DSC03157.html' target='_blank'><img src='http:\/\/klas.myphotos.cc\/ifmv\/www\/album\/album\/2005-09-19\/thumbnails\/DSC03157.jpg' align='right' border='1'><\/a>Som alla har m\u00e4rkt (eftersom ni kollar in en film och n\u00e5gra bilder fr\u00e5n ifmv.nu varje dag) har vi haft lite tekniska fel med v\u00e5rt fotoalbum och med filmsidan. Detta berodde p\u00e5 att ett av v\u00e5ra webbhotell har bytt servrar och jag har inte uppdaterat sidorna efter det.<\/p>\n<p>Nu \u00e4r dock allting ordnat och b\u00e5de filmerna och fotoalbumet skall g\u00e5 att komma \u00e5t igen.<\/p>\n<p><a href='filmer\/'>Jag vill se p\u00e5 film \u00bb<\/a><br \/><a href='album\/'>Jag vill se p\u00e5 bilder \u00bb<\/a><\/p>\n","protected":false},"excerpt":{"rendered":"<p>Som alla har m\u00e4rkt (eftersom ni kollar in en film och n\u00e5gra bilder fr\u00e5n ifmv.nu varje dag) har vi haft lite tekniska fel med v\u00e5rt fotoalbum och med filmsidan. Detta [&hellip;]<\/p>\n","protected":false},"author":2,"featured_media":0,"comment_status":"open","ping_status":"open","sticky":false,"template":"","format":"standard","meta":{"footnotes":""},"categories":[262,1],"tags":[],"class_list":["post-1113","post","type-post","status-publish","format-standard","hentry","category-nyheter","category-okategoriserade"],"_links":{"self":[{"href":"https:\/\/www.ifmarinvast.se\/orientering\/wp-json\/wp\/v2\/posts\/1113","targetHints":{"allow":["GET"]}}],"collection":[{"href":"https:\/\/www.ifmarinvast.se\/orientering\/wp-json\/wp\/v2\/posts"}],"about":[{"href":"https:\/\/www.ifmarinvast.se\/orientering\/wp-json\/wp\/v2\/types\/post"}],"author":[{"embeddable":true,"href":"https:\/\/www.ifmarinvast.se\/orientering\/wp-json\/wp\/v2\/users\/2"}],"replies":[{"embeddable":true,"href":"https:\/\/www.ifmarinvast.se\/orientering\/wp-json\/wp\/v2\/comments?post=1113"}],"version-history":[{"count":1,"href":"https:\/\/www.ifmarinvast.se\/orientering\/wp-json\/wp\/v2\/posts\/1113\/revisions"}],"predecessor-version":[{"id":1878,"href":"https:\/\/www.ifmarinvast.se\/orientering\/wp-json\/wp\/v2\/posts\/1113\/revisions\/1878"}],"wp:attachment":[{"href":"https:\/\/www.ifmarinvast.se\/orientering\/wp-json\/wp\/v2\/media?parent=1113"}],"wp:term":[{"taxonomy":"category","embeddable":true,"href":"https:\/\/www.ifmarinvast.se\/orientering\/wp-json\/wp\/v2\/categories?post=1113"},{"taxonomy":"post_tag","embeddable":true,"href":"https:\/\/www.ifmarinvast.se\/orientering\/wp-json\/wp\/v2\/tags?post=1113"}],"curies":[{"name":"wp","href":"https:\/\/api.w.org\/{rel}","templated":true}]}}