{"id":1110,"date":"2005-12-06T00:00:00","date_gmt":"2005-12-05T23:00:00","guid":{"rendered":"http:\/\/ifmarinvast.se\/2016\/stadningen-av-fritidsgarden\/"},"modified":"2015-10-11T14:42:58","modified_gmt":"2015-10-11T12:42:58","slug":"stadningen-av-fritidsgarden","status":"publish","type":"post","link":"https:\/\/www.ifmarinvast.se\/orientering\/stadningen-av-fritidsgarden\/","title":{"rendered":"St\u00e4dningen av fritidsg\u00e5rden"},"content":{"rendered":"<p>Fritidsg\u00e5rdspersonalen har haft ett par klagom\u00e5l p\u00e5 v\u00e5r st\u00e4dning &#8211; tyv\u00e4rr visste de inte vilken g\u00e5ng det st\u00e4dades d\u00e5ligt, men vi kan ju allihop t\u00e4nka p\u00e5 det lite extra:<\/p>\n<p>Gl\u00f6m inte st\u00e4da under sofforna eller att t\u00f6mma papperskorgen inne p\u00e5 kontoret!<\/p>\n<p>Exakt vad som ing\u00e5r i st\u00e4dningen, b\u00e5de f\u00f6r Redegatan och Fritidsg\u00e5rden, hittar ni via <a href='stadschema'>instruktionerna p\u00e5 st\u00e4dsidan<\/a>. (Om n\u00e5gra fr\u00e5n g\u00e5rden \u00e4r d\u00e4r n\u00e4r vi ska st\u00e4da f\u00e5r de v\u00e4lja sj\u00e4lva om de vill flytta sig eller om vi skall hoppa \u00f6ver det omr\u00e5de d\u00e4r de \u00e4r.)<\/p>\n","protected":false},"excerpt":{"rendered":"<p>Fritidsg\u00e5rdspersonalen har haft ett par klagom\u00e5l p\u00e5 v\u00e5r st\u00e4dning &#8211; tyv\u00e4rr visste de inte vilken g\u00e5ng det st\u00e4dades d\u00e5ligt, men vi kan ju allihop t\u00e4nka p\u00e5 det lite extra: Gl\u00f6m [&hellip;]<\/p>\n","protected":false},"author":2,"featured_media":0,"comment_status":"open","ping_status":"open","sticky":false,"template":"","format":"standard","meta":{"footnotes":""},"categories":[262,1],"tags":[],"class_list":["post-1110","post","type-post","status-publish","format-standard","hentry","category-nyheter","category-okategoriserade"],"_links":{"self":[{"href":"https:\/\/www.ifmarinvast.se\/orientering\/wp-json\/wp\/v2\/posts\/1110","targetHints":{"allow":["GET"]}}],"collection":[{"href":"https:\/\/www.ifmarinvast.se\/orientering\/wp-json\/wp\/v2\/posts"}],"about":[{"href":"https:\/\/www.ifmarinvast.se\/orientering\/wp-json\/wp\/v2\/types\/post"}],"author":[{"embeddable":true,"href":"https:\/\/www.ifmarinvast.se\/orientering\/wp-json\/wp\/v2\/users\/2"}],"replies":[{"embeddable":true,"href":"https:\/\/www.ifmarinvast.se\/orientering\/wp-json\/wp\/v2\/comments?post=1110"}],"version-history":[{"count":1,"href":"https:\/\/www.ifmarinvast.se\/orientering\/wp-json\/wp\/v2\/posts\/1110\/revisions"}],"predecessor-version":[{"id":1877,"href":"https:\/\/www.ifmarinvast.se\/orientering\/wp-json\/wp\/v2\/posts\/1110\/revisions\/1877"}],"wp:attachment":[{"href":"https:\/\/www.ifmarinvast.se\/orientering\/wp-json\/wp\/v2\/media?parent=1110"}],"wp:term":[{"taxonomy":"category","embeddable":true,"href":"https:\/\/www.ifmarinvast.se\/orientering\/wp-json\/wp\/v2\/categories?post=1110"},{"taxonomy":"post_tag","embeddable":true,"href":"https:\/\/www.ifmarinvast.se\/orientering\/wp-json\/wp\/v2\/tags?post=1110"}],"curies":[{"name":"wp","href":"https:\/\/api.w.org\/{rel}","templated":true}]}}