{"id":1108,"date":"2005-11-29T00:00:00","date_gmt":"2005-11-28T23:00:00","guid":{"rendered":"http:\/\/ifmarinvast.se\/2016\/arets-hostavslutning\/"},"modified":"2015-10-11T14:42:58","modified_gmt":"2015-10-11T12:42:58","slug":"arets-hostavslutning","status":"publish","type":"post","link":"https:\/\/www.ifmarinvast.se\/orientering\/arets-hostavslutning\/","title":{"rendered":"\u00c5rets h\u00f6stavslutning"},"content":{"rendered":"<p><strong>L\u00f6rdag den 3 december, kl 14.00<br \/>Lokal: Fritidsg\u00e5rden i Nya P\u00e5velundsskolan.<\/strong><\/p>\n<p>Det \u00e4r viktigt att alla som k\u00e4nner ansvar f\u00f6r klubbens framtid kommer till avslutningen. Vi kommer att diskutera hur vi skall fungera som klubb. Vad vill vi att klubben skall prioritera? Vad kan du hj\u00e4lpa till med? Nya f\u00f6ruts\u00e4ttningar f\u00f6r st\u00e4dningen.<\/p>\n<p>Dessutom sedvanlig prisutdelning!<\/p>\n<p>Jag beh\u00f6ver n\u00e5gon som kan h\u00e5lla i hanteringen av mat och dryck. H\u00f6r av dig till mig snarast om du kan hj\u00e4lpa till med det. Jag har fyra personer som lovat att baka. Tel: 295107 eller email: <a href='mailto:bengt.dellming@gothnet.nu'>bengt.dellming@gothnet.nu<\/a>.<\/p>\n","protected":false},"excerpt":{"rendered":"<p>L\u00f6rdag den 3 december, kl 14.00Lokal: Fritidsg\u00e5rden i Nya P\u00e5velundsskolan. Det \u00e4r viktigt att alla som k\u00e4nner ansvar f\u00f6r klubbens framtid kommer till avslutningen. Vi kommer att diskutera hur vi [&hellip;]<\/p>\n","protected":false},"author":2,"featured_media":0,"comment_status":"open","ping_status":"open","sticky":false,"template":"","format":"standard","meta":{"footnotes":""},"categories":[262,1],"tags":[],"class_list":["post-1108","post","type-post","status-publish","format-standard","hentry","category-nyheter","category-okategoriserade"],"_links":{"self":[{"href":"https:\/\/www.ifmarinvast.se\/orientering\/wp-json\/wp\/v2\/posts\/1108","targetHints":{"allow":["GET"]}}],"collection":[{"href":"https:\/\/www.ifmarinvast.se\/orientering\/wp-json\/wp\/v2\/posts"}],"about":[{"href":"https:\/\/www.ifmarinvast.se\/orientering\/wp-json\/wp\/v2\/types\/post"}],"author":[{"embeddable":true,"href":"https:\/\/www.ifmarinvast.se\/orientering\/wp-json\/wp\/v2\/users\/2"}],"replies":[{"embeddable":true,"href":"https:\/\/www.ifmarinvast.se\/orientering\/wp-json\/wp\/v2\/comments?post=1108"}],"version-history":[{"count":1,"href":"https:\/\/www.ifmarinvast.se\/orientering\/wp-json\/wp\/v2\/posts\/1108\/revisions"}],"predecessor-version":[{"id":1876,"href":"https:\/\/www.ifmarinvast.se\/orientering\/wp-json\/wp\/v2\/posts\/1108\/revisions\/1876"}],"wp:attachment":[{"href":"https:\/\/www.ifmarinvast.se\/orientering\/wp-json\/wp\/v2\/media?parent=1108"}],"wp:term":[{"taxonomy":"category","embeddable":true,"href":"https:\/\/www.ifmarinvast.se\/orientering\/wp-json\/wp\/v2\/categories?post=1108"},{"taxonomy":"post_tag","embeddable":true,"href":"https:\/\/www.ifmarinvast.se\/orientering\/wp-json\/wp\/v2\/tags?post=1108"}],"curies":[{"name":"wp","href":"https:\/\/api.w.org\/{rel}","templated":true}]}}