{"id":1104,"date":"2005-11-22T00:00:00","date_gmt":"2005-11-21T23:00:00","guid":{"rendered":"http:\/\/ifmarinvast.se\/2016\/vart-tog-algen-vagen\/"},"modified":"2015-10-11T14:42:59","modified_gmt":"2015-10-11T12:42:59","slug":"vart-tog-algen-vagen","status":"publish","type":"post","link":"https:\/\/www.ifmarinvast.se\/orientering\/vart-tog-algen-vagen\/","title":{"rendered":"Vart tog \u00e4lgen v\u00e4gen?"},"content":{"rendered":"<p>Klubben har nu f\u00e5tt fyra nya orienterare som beh\u00e4rskar violett niv\u00e5. P\u00e5 kursavslutningen h\u00f6lls ett antal hemliga prov f\u00f6r att kontrollera v\u00e5ra deltagare och alla blev till slut godk\u00e4nda efter mycket bryderi fr\u00e5n Martin och Linda. <br \/>Grattis Hanna, Emma, Clara och Jenny!<\/p>\n<p>En av kontrollerna hade kontrollbeskrivningen &#8217;\u00e4lgen&#8217;, allts\u00e5 en ritad \u00e4lg. Ett typiskt lokalt kontrolldefinitionstecken. \u00c4lgen bestod av Martins tyg\u00e4lg som normalt brukar befinna sig i hans soffa. Men under loppet av n\u00e5gra timmar fick Elon (\u00e4lgen allts\u00e5) finna sig i att ligga ute i skogen tillsammans med en kontroll.<\/p>\n<p>Kontrollen satt n\u00e5gra hundra meter in i ganska ol\u00e4ndig skog med bl\u00f6ta sankmarker omkring s\u00e5 den var nog inte s\u00e5 v\u00e4lbes\u00f6kt.<\/p>\n<p>D\u00f6m d\u00e5 om v\u00e5r f\u00f6rv\u00e5ning n\u00e4r Linda ska plocka in kontrollen och ta med sig Elon tillbaka, ELON \u00c4R BORTA!!!<br \/>Kvar finns bara kontrollen och lite annat pyssel som vi ocks\u00e5 hade lagt ut.<br \/>Skallg\u00e5ngskedjan (best\u00e5ende av Linda) gick bet p\u00e5 att hitta honom.<\/p>\n<p>Misstankarna g\u00e5r till n\u00e5gon riktig \u00e4lg som hittat en kompis och burit iv\u00e4g med Elon. Hoppas de lever lyckliga i alla sina dar.<\/p>\n<p><img src='pic\/martinochelon.jpg' border='1'><br \/><center><em>Martin och den f\u00f6rsvunna \u00e4lgen<\/em><\/center><\/p>\n","protected":false},"excerpt":{"rendered":"<p>Klubben har nu f\u00e5tt fyra nya orienterare som beh\u00e4rskar violett niv\u00e5. P\u00e5 kursavslutningen h\u00f6lls ett antal hemliga prov f\u00f6r att kontrollera v\u00e5ra deltagare och alla blev till slut godk\u00e4nda efter [&hellip;]<\/p>\n","protected":false},"author":2,"featured_media":0,"comment_status":"open","ping_status":"open","sticky":false,"template":"","format":"standard","meta":{"footnotes":""},"categories":[262,1],"tags":[],"class_list":["post-1104","post","type-post","status-publish","format-standard","hentry","category-nyheter","category-okategoriserade"],"_links":{"self":[{"href":"https:\/\/www.ifmarinvast.se\/orientering\/wp-json\/wp\/v2\/posts\/1104","targetHints":{"allow":["GET"]}}],"collection":[{"href":"https:\/\/www.ifmarinvast.se\/orientering\/wp-json\/wp\/v2\/posts"}],"about":[{"href":"https:\/\/www.ifmarinvast.se\/orientering\/wp-json\/wp\/v2\/types\/post"}],"author":[{"embeddable":true,"href":"https:\/\/www.ifmarinvast.se\/orientering\/wp-json\/wp\/v2\/users\/2"}],"replies":[{"embeddable":true,"href":"https:\/\/www.ifmarinvast.se\/orientering\/wp-json\/wp\/v2\/comments?post=1104"}],"version-history":[{"count":1,"href":"https:\/\/www.ifmarinvast.se\/orientering\/wp-json\/wp\/v2\/posts\/1104\/revisions"}],"predecessor-version":[{"id":3079,"href":"https:\/\/www.ifmarinvast.se\/orientering\/wp-json\/wp\/v2\/posts\/1104\/revisions\/3079"}],"wp:attachment":[{"href":"https:\/\/www.ifmarinvast.se\/orientering\/wp-json\/wp\/v2\/media?parent=1104"}],"wp:term":[{"taxonomy":"category","embeddable":true,"href":"https:\/\/www.ifmarinvast.se\/orientering\/wp-json\/wp\/v2\/categories?post=1104"},{"taxonomy":"post_tag","embeddable":true,"href":"https:\/\/www.ifmarinvast.se\/orientering\/wp-json\/wp\/v2\/tags?post=1104"}],"curies":[{"name":"wp","href":"https:\/\/api.w.org\/{rel}","templated":true}]}}