{"id":1101,"date":"2005-11-21T00:00:00","date_gmt":"2005-11-20T23:00:00","guid":{"rendered":"http:\/\/ifmarinvast.se\/2016\/gof-nattcup-den-1-dec\/"},"modified":"2015-10-11T14:42:59","modified_gmt":"2015-10-11T12:42:59","slug":"gof-nattcup-den-1-dec","status":"publish","type":"post","link":"https:\/\/www.ifmarinvast.se\/orientering\/gof-nattcup-den-1-dec\/","title":{"rendered":"GOF-Nattcup den 1 dec"},"content":{"rendered":"<p><strong>Jakob l\u00e5ter h\u00e4lsa i g\u00e4stboken:<\/strong><\/p>\n<table  class=\" table table-hover\" border='0' bgcolor='#ffd700' cellpadding='2' cellspacing='1'>\n<tr>\n<td bgcolor='#fffacd'>&#8217;Torsdag den 1 december \u00e4r det dags f\u00f6r \u00e5rets f\u00f6rsta GOF-nattcup, ett samarrangemang mellan tv\u00e5 av Sveriges b\u00e4sta 10-milaklubbar Pan-Kristianstad och IFK G\u00f6teborg.<\/p>\n<p>Vad m\u00e5nne det bli av detta? Anm\u00e4lan och mer info p\u00e5 <a href='http:\/\/www.ifkgbgol.nu\/news_more.php?news_id=802' target='_blank'>www.ifkgbgol.nu \u00bb<\/a><\/p>\n<p>V\u00e4lkommna!&#8217;<\/td>\n<\/tr>\n<\/table>\n","protected":false},"excerpt":{"rendered":"<p>Jakob l\u00e5ter h\u00e4lsa i g\u00e4stboken: &#8217;Torsdag den 1 december \u00e4r det dags f\u00f6r \u00e5rets f\u00f6rsta GOF-nattcup, ett samarrangemang mellan tv\u00e5 av Sveriges b\u00e4sta 10-milaklubbar Pan-Kristianstad och IFK G\u00f6teborg. Vad m\u00e5nne [&hellip;]<\/p>\n","protected":false},"author":2,"featured_media":0,"comment_status":"open","ping_status":"open","sticky":false,"template":"","format":"standard","meta":{"footnotes":""},"categories":[262,1],"tags":[],"class_list":["post-1101","post","type-post","status-publish","format-standard","hentry","category-nyheter","category-okategoriserade"],"_links":{"self":[{"href":"https:\/\/www.ifmarinvast.se\/orientering\/wp-json\/wp\/v2\/posts\/1101","targetHints":{"allow":["GET"]}}],"collection":[{"href":"https:\/\/www.ifmarinvast.se\/orientering\/wp-json\/wp\/v2\/posts"}],"about":[{"href":"https:\/\/www.ifmarinvast.se\/orientering\/wp-json\/wp\/v2\/types\/post"}],"author":[{"embeddable":true,"href":"https:\/\/www.ifmarinvast.se\/orientering\/wp-json\/wp\/v2\/users\/2"}],"replies":[{"embeddable":true,"href":"https:\/\/www.ifmarinvast.se\/orientering\/wp-json\/wp\/v2\/comments?post=1101"}],"version-history":[{"count":1,"href":"https:\/\/www.ifmarinvast.se\/orientering\/wp-json\/wp\/v2\/posts\/1101\/revisions"}],"predecessor-version":[{"id":3080,"href":"https:\/\/www.ifmarinvast.se\/orientering\/wp-json\/wp\/v2\/posts\/1101\/revisions\/3080"}],"wp:attachment":[{"href":"https:\/\/www.ifmarinvast.se\/orientering\/wp-json\/wp\/v2\/media?parent=1101"}],"wp:term":[{"taxonomy":"category","embeddable":true,"href":"https:\/\/www.ifmarinvast.se\/orientering\/wp-json\/wp\/v2\/categories?post=1101"},{"taxonomy":"post_tag","embeddable":true,"href":"https:\/\/www.ifmarinvast.se\/orientering\/wp-json\/wp\/v2\/tags?post=1101"}],"curies":[{"name":"wp","href":"https:\/\/api.w.org\/{rel}","templated":true}]}}