{"id":1099,"date":"2005-11-21T00:00:00","date_gmt":"2005-11-20T23:00:00","guid":{"rendered":"http:\/\/ifmarinvast.se\/2016\/ny-tid-for-planeringskonferensen\/"},"modified":"2015-10-11T14:42:59","modified_gmt":"2015-10-11T12:42:59","slug":"ny-tid-for-planeringskonferensen","status":"publish","type":"post","link":"https:\/\/www.ifmarinvast.se\/orientering\/ny-tid-for-planeringskonferensen\/","title":{"rendered":"Ny tid f\u00f6r planeringskonferensen"},"content":{"rendered":"<p>Till ber\u00f6rda\/kallade: Tiden f\u00f6r planeringskonferensen \u00e4r 9.30-16.30 nu p\u00e5 l\u00f6rdag, om n\u00e5gon har missat detta.<\/p>\n","protected":false},"excerpt":{"rendered":"<p>Till ber\u00f6rda\/kallade: Tiden f\u00f6r planeringskonferensen \u00e4r 9.30-16.30 nu p\u00e5 l\u00f6rdag, om n\u00e5gon har missat detta.<\/p>\n","protected":false},"author":2,"featured_media":0,"comment_status":"open","ping_status":"open","sticky":false,"template":"","format":"standard","meta":{"footnotes":""},"categories":[262,1],"tags":[],"class_list":["post-1099","post","type-post","status-publish","format-standard","hentry","category-nyheter","category-okategoriserade"],"_links":{"self":[{"href":"https:\/\/www.ifmarinvast.se\/orientering\/wp-json\/wp\/v2\/posts\/1099","targetHints":{"allow":["GET"]}}],"collection":[{"href":"https:\/\/www.ifmarinvast.se\/orientering\/wp-json\/wp\/v2\/posts"}],"about":[{"href":"https:\/\/www.ifmarinvast.se\/orientering\/wp-json\/wp\/v2\/types\/post"}],"author":[{"embeddable":true,"href":"https:\/\/www.ifmarinvast.se\/orientering\/wp-json\/wp\/v2\/users\/2"}],"replies":[{"embeddable":true,"href":"https:\/\/www.ifmarinvast.se\/orientering\/wp-json\/wp\/v2\/comments?post=1099"}],"version-history":[{"count":1,"href":"https:\/\/www.ifmarinvast.se\/orientering\/wp-json\/wp\/v2\/posts\/1099\/revisions"}],"predecessor-version":[{"id":1874,"href":"https:\/\/www.ifmarinvast.se\/orientering\/wp-json\/wp\/v2\/posts\/1099\/revisions\/1874"}],"wp:attachment":[{"href":"https:\/\/www.ifmarinvast.se\/orientering\/wp-json\/wp\/v2\/media?parent=1099"}],"wp:term":[{"taxonomy":"category","embeddable":true,"href":"https:\/\/www.ifmarinvast.se\/orientering\/wp-json\/wp\/v2\/categories?post=1099"},{"taxonomy":"post_tag","embeddable":true,"href":"https:\/\/www.ifmarinvast.se\/orientering\/wp-json\/wp\/v2\/tags?post=1099"}],"curies":[{"name":"wp","href":"https:\/\/api.w.org\/{rel}","templated":true}]}}