{"id":1098,"date":"2005-11-20T00:00:00","date_gmt":"2005-11-19T23:00:00","guid":{"rendered":"http:\/\/ifmarinvast.se\/2016\/alehofs-lang-km-avgjort\/"},"modified":"2015-10-11T14:42:59","modified_gmt":"2015-10-11T12:42:59","slug":"alehofs-lang-km-avgjort","status":"publish","type":"post","link":"https:\/\/www.ifmarinvast.se\/orientering\/alehofs-lang-km-avgjort\/","title":{"rendered":"Alehofs l\u00e5ng-KM avgjort"},"content":{"rendered":"<p>Trots att det inte ens var v\u00e5rt KM kammade vi hem en klubbseger!<\/p>\n<p><img src='pic\/martinochlindalangkm.jpg' border='1'><\/p>\n<p>Det var Linda som segrade i klassen D2 p\u00e5 Alehofs L\u00e5ng-KM. P\u00e5 bilden ser ni Martin st\u00e4mpla och Linda lugnt tillbakalutad.<\/p>\n<p>Anders kom sjua i H2 och Martin slutade som nummer 14 i H1. Klassen H1 var hela 19 km!<\/p>\n<p>Vad som dock inte direkt framg\u00e5r av resultatlistan \u00e4r att H2 och D2 hade samma bana. Linda och Anders t\u00e4vlade allts\u00e5 om klubbm\u00e4sterskapet, men i olika klasser. Det blev d\u00e4rf\u00f6r mycket rafflande! Linda kom i m\u00e5l p\u00e5 tiden 1:50:59 och vann som sagt damklassen, trots en rej\u00e4l miss p\u00e5 slutet av banan. Men Anders sprang i m\u00e5l 8 sekunder snabbare! 1:50:51. I herrklassen r\u00e4ckte detta till en sjundeplats.<\/p>\n<p>Bra k\u00e4mpat, nu ger ni v\u00e4l er inte ut mer den h\u00e4r s\u00e4songen?<\/p>\n<p>Se alla resultat p\u00e5 <a href='http:\/\/alehof.se\/tab\/orientering\/arr\/2005\/KMultralang\/resultat_ULKM_2005.html' target='_blank'>Alehofs hemsida \u00bb<\/a><\/p>\n","protected":false},"excerpt":{"rendered":"<p>Trots att det inte ens var v\u00e5rt KM kammade vi hem en klubbseger! Det var Linda som segrade i klassen D2 p\u00e5 Alehofs L\u00e5ng-KM. P\u00e5 bilden ser ni Martin st\u00e4mpla [&hellip;]<\/p>\n","protected":false},"author":2,"featured_media":0,"comment_status":"open","ping_status":"open","sticky":false,"template":"","format":"standard","meta":{"footnotes":""},"categories":[262,1],"tags":[],"class_list":["post-1098","post","type-post","status-publish","format-standard","hentry","category-nyheter","category-okategoriserade"],"_links":{"self":[{"href":"https:\/\/www.ifmarinvast.se\/orientering\/wp-json\/wp\/v2\/posts\/1098","targetHints":{"allow":["GET"]}}],"collection":[{"href":"https:\/\/www.ifmarinvast.se\/orientering\/wp-json\/wp\/v2\/posts"}],"about":[{"href":"https:\/\/www.ifmarinvast.se\/orientering\/wp-json\/wp\/v2\/types\/post"}],"author":[{"embeddable":true,"href":"https:\/\/www.ifmarinvast.se\/orientering\/wp-json\/wp\/v2\/users\/2"}],"replies":[{"embeddable":true,"href":"https:\/\/www.ifmarinvast.se\/orientering\/wp-json\/wp\/v2\/comments?post=1098"}],"version-history":[{"count":1,"href":"https:\/\/www.ifmarinvast.se\/orientering\/wp-json\/wp\/v2\/posts\/1098\/revisions"}],"predecessor-version":[{"id":3081,"href":"https:\/\/www.ifmarinvast.se\/orientering\/wp-json\/wp\/v2\/posts\/1098\/revisions\/3081"}],"wp:attachment":[{"href":"https:\/\/www.ifmarinvast.se\/orientering\/wp-json\/wp\/v2\/media?parent=1098"}],"wp:term":[{"taxonomy":"category","embeddable":true,"href":"https:\/\/www.ifmarinvast.se\/orientering\/wp-json\/wp\/v2\/categories?post=1098"},{"taxonomy":"post_tag","embeddable":true,"href":"https:\/\/www.ifmarinvast.se\/orientering\/wp-json\/wp\/v2\/tags?post=1098"}],"curies":[{"name":"wp","href":"https:\/\/api.w.org\/{rel}","templated":true}]}}