{"id":1097,"date":"2005-11-19T00:00:00","date_gmt":"2005-11-18T23:00:00","guid":{"rendered":"http:\/\/ifmarinvast.se\/2016\/violett-avslutning-pa-on-imorgon-sondag\/"},"modified":"2015-10-11T14:42:59","modified_gmt":"2015-10-11T12:42:59","slug":"violett-avslutning-pa-on-imorgon-sondag","status":"publish","type":"post","link":"https:\/\/www.ifmarinvast.se\/orientering\/violett-avslutning-pa-on-imorgon-sondag\/","title":{"rendered":"Violett avslutning p\u00e5 \u00f6n imorgon s\u00f6ndag"},"content":{"rendered":"<p><img src='pic\/gruppviolett.gif' border='0' align='left'>Den violetta kursen lider mot sitt slut, imorgon tr\u00e4ffas vi alla p\u00e5 \u00f6n (Hisingen) f\u00f6r en hejdundrande avslutning. Fr\u00e5gorna hopar sig inf\u00f6r detta, vem \u00e4r det egentligen p\u00e5 bilden och kommer det att delas ut violetta klubbkl\u00e4der till alla kursdeltagare?<\/p>\n<p>START: senast 14.00 <br \/>SLUT: N\u00e4r vi \u00e4r klara <\/p>\n<p>Ta med er:<br \/>* OL-kl\u00e4der<br \/>* Handuk och ombyte (obl. dusch efter sj\u00e4lva tr\u00e4ningen)<br \/>* 20 kr d\u00e5 vi ska \u00e4ta mat efter tr\u00e4ningen.<br \/>* Ni som brukar gl\u00f6mma era kompasser kan v\u00e4l ta med dem ocks\u00e5?<\/p>\n<p>V\u00c4LKOMNA!<br \/>P.S. Det kommer vara str\u00e5lande sol p\u00e5 \u00f6n imorgon.<\/p>\n","protected":false},"excerpt":{"rendered":"<p>Den violetta kursen lider mot sitt slut, imorgon tr\u00e4ffas vi alla p\u00e5 \u00f6n (Hisingen) f\u00f6r en hejdundrande avslutning. Fr\u00e5gorna hopar sig inf\u00f6r detta, vem \u00e4r det egentligen p\u00e5 bilden och [&hellip;]<\/p>\n","protected":false},"author":2,"featured_media":0,"comment_status":"open","ping_status":"open","sticky":false,"template":"","format":"standard","meta":{"footnotes":""},"categories":[262,1],"tags":[],"class_list":["post-1097","post","type-post","status-publish","format-standard","hentry","category-nyheter","category-okategoriserade"],"_links":{"self":[{"href":"https:\/\/www.ifmarinvast.se\/orientering\/wp-json\/wp\/v2\/posts\/1097","targetHints":{"allow":["GET"]}}],"collection":[{"href":"https:\/\/www.ifmarinvast.se\/orientering\/wp-json\/wp\/v2\/posts"}],"about":[{"href":"https:\/\/www.ifmarinvast.se\/orientering\/wp-json\/wp\/v2\/types\/post"}],"author":[{"embeddable":true,"href":"https:\/\/www.ifmarinvast.se\/orientering\/wp-json\/wp\/v2\/users\/2"}],"replies":[{"embeddable":true,"href":"https:\/\/www.ifmarinvast.se\/orientering\/wp-json\/wp\/v2\/comments?post=1097"}],"version-history":[{"count":1,"href":"https:\/\/www.ifmarinvast.se\/orientering\/wp-json\/wp\/v2\/posts\/1097\/revisions"}],"predecessor-version":[{"id":3082,"href":"https:\/\/www.ifmarinvast.se\/orientering\/wp-json\/wp\/v2\/posts\/1097\/revisions\/3082"}],"wp:attachment":[{"href":"https:\/\/www.ifmarinvast.se\/orientering\/wp-json\/wp\/v2\/media?parent=1097"}],"wp:term":[{"taxonomy":"category","embeddable":true,"href":"https:\/\/www.ifmarinvast.se\/orientering\/wp-json\/wp\/v2\/categories?post=1097"},{"taxonomy":"post_tag","embeddable":true,"href":"https:\/\/www.ifmarinvast.se\/orientering\/wp-json\/wp\/v2\/tags?post=1097"}],"curies":[{"name":"wp","href":"https:\/\/api.w.org\/{rel}","templated":true}]}}