{"id":1096,"date":"2005-11-18T00:00:00","date_gmt":"2005-11-17T23:00:00","guid":{"rendered":"http:\/\/ifmarinvast.se\/2016\/alehof-arrangerar-ultralangt-km\/"},"modified":"2015-10-11T14:42:59","modified_gmt":"2015-10-11T12:42:59","slug":"alehof-arrangerar-ultralangt-km","status":"publish","type":"post","link":"https:\/\/www.ifmarinvast.se\/orientering\/alehof-arrangerar-ultralangt-km\/","title":{"rendered":"Alehof arrangerar ultral\u00e5ngt KM"},"content":{"rendered":"<p>Idag, l\u00f6rdag, arrangerar OK Alehof sitt numera klassiska (35:e \u00e5ret) l\u00e5ng-KM. M\u00e4sterskapet \u00e4r \u00f6ppet f\u00f6r alla som vill springa och det \u00e4r det just nu 118 l\u00f6pare som vill. Bland dessa kan man hitta tre stycken fr\u00e5n IF Marin V\u00e4st.<\/p>\n<p>I klassen H1 (20,7 km) startar Martin R\u00e5dbo och i l\u00e4ngsta damklassen D2 (14,0 km) kommer Linda Martinsson att st\u00e5 redo p\u00e5 startlinjen. Anders Jonsson valde den lika l\u00e5nga klassen H2 (14,0 km). Alla v\u00e5ra l\u00f6pare har allts\u00e5 valt olika klasser. \u00c4r det f\u00f6r att vara s\u00e4kra p\u00e5 att inte bli slagna av klubbkamraterna i ett KM?<\/p>\n<p>Alla klasser kommer att k\u00f6ras iv\u00e4g med buss till hemliga startplatser. M\u00e5lg\u00e5ng sker vid OK Alehofs klubbstuga i Dammek\u00e4rr ca 12.30 p\u00e5 l\u00f6rdagen.<\/p>\n<p>I inbjudan kan man l\u00e4sa f\u00f6ljande om kartorna:<\/p>\n<table  class=\" table table-hover\" border='0' bgcolor='#ffd700' cellpadding='2' cellspacing='1'>\n<tr>\n<td bgcolor='#fffacd'>&#8217;Skala 1:10 000 och 1:15 000 samt en bit p\u00e5 obest\u00e4md skala. Banorna g\u00e5r p\u00e5 svartvita kopior och vanliga kartor i varierande \u00e5ldrar fr\u00e5n f\u00f6rra \u00e5rhundradet och detta \u00e5rhundradet.&#8217;<\/td>\n<\/tr>\n<\/table>\n<p>Det blir nog en sp\u00e4nnande t\u00e4vling med andra ord!<\/p>\n","protected":false},"excerpt":{"rendered":"<p>Idag, l\u00f6rdag, arrangerar OK Alehof sitt numera klassiska (35:e \u00e5ret) l\u00e5ng-KM. M\u00e4sterskapet \u00e4r \u00f6ppet f\u00f6r alla som vill springa och det \u00e4r det just nu 118 l\u00f6pare som vill. Bland [&hellip;]<\/p>\n","protected":false},"author":2,"featured_media":0,"comment_status":"open","ping_status":"open","sticky":false,"template":"","format":"standard","meta":{"footnotes":""},"categories":[262,1],"tags":[],"class_list":["post-1096","post","type-post","status-publish","format-standard","hentry","category-nyheter","category-okategoriserade"],"_links":{"self":[{"href":"https:\/\/www.ifmarinvast.se\/orientering\/wp-json\/wp\/v2\/posts\/1096","targetHints":{"allow":["GET"]}}],"collection":[{"href":"https:\/\/www.ifmarinvast.se\/orientering\/wp-json\/wp\/v2\/posts"}],"about":[{"href":"https:\/\/www.ifmarinvast.se\/orientering\/wp-json\/wp\/v2\/types\/post"}],"author":[{"embeddable":true,"href":"https:\/\/www.ifmarinvast.se\/orientering\/wp-json\/wp\/v2\/users\/2"}],"replies":[{"embeddable":true,"href":"https:\/\/www.ifmarinvast.se\/orientering\/wp-json\/wp\/v2\/comments?post=1096"}],"version-history":[{"count":1,"href":"https:\/\/www.ifmarinvast.se\/orientering\/wp-json\/wp\/v2\/posts\/1096\/revisions"}],"predecessor-version":[{"id":1873,"href":"https:\/\/www.ifmarinvast.se\/orientering\/wp-json\/wp\/v2\/posts\/1096\/revisions\/1873"}],"wp:attachment":[{"href":"https:\/\/www.ifmarinvast.se\/orientering\/wp-json\/wp\/v2\/media?parent=1096"}],"wp:term":[{"taxonomy":"category","embeddable":true,"href":"https:\/\/www.ifmarinvast.se\/orientering\/wp-json\/wp\/v2\/categories?post=1096"},{"taxonomy":"post_tag","embeddable":true,"href":"https:\/\/www.ifmarinvast.se\/orientering\/wp-json\/wp\/v2\/tags?post=1096"}],"curies":[{"name":"wp","href":"https:\/\/api.w.org\/{rel}","templated":true}]}}