{"id":1086,"date":"2005-10-26T00:00:00","date_gmt":"2005-10-25T22:00:00","guid":{"rendered":"http:\/\/ifmarinvast.se\/2016\/lordag-den-3-december-kl-1400\/"},"modified":"2015-10-11T14:43:13","modified_gmt":"2015-10-11T12:43:13","slug":"lordag-den-3-december-kl-1400","status":"publish","type":"post","link":"https:\/\/www.ifmarinvast.se\/orientering\/lordag-den-3-december-kl-1400\/","title":{"rendered":"L\u00f6rdag den 3 december, kl 14.00."},"content":{"rendered":"<p>Lokal och information om inpasseringen genom vakten meddelas senare p\u00e5 hemsidan. Det \u00e4r viktigt att alla som k\u00e4nner ansvar f\u00f6r klubbens framtid kommer till avslutningen. Vi kommer att diskutera hur vi skall fungera som klubb. Vad vill vi att klubben skall prioritera? Vad kan du hj\u00e4lpa till med?<\/p>\n<p>Dessutom sedvanlig prisutdelning!<\/p>\n<p>Jag beh\u00f6ver hj\u00e4lp med att ordna med mat och dryck. H\u00f6r av dig till mig snarast om du kan hj\u00e4lpa till med det. Tel: 295107 eller email: <a href='mailto:bengt.dellming@gothnet.nu'>bengt.dellming@gothnet.nu<\/a>.<\/p>\n","protected":false},"excerpt":{"rendered":"<p>Lokal och information om inpasseringen genom vakten meddelas senare p\u00e5 hemsidan. Det \u00e4r viktigt att alla som k\u00e4nner ansvar f\u00f6r klubbens framtid kommer till avslutningen. Vi kommer att diskutera hur [&hellip;]<\/p>\n","protected":false},"author":2,"featured_media":0,"comment_status":"open","ping_status":"open","sticky":false,"template":"","format":"standard","meta":{"footnotes":""},"categories":[262,1],"tags":[],"class_list":["post-1086","post","type-post","status-publish","format-standard","hentry","category-nyheter","category-okategoriserade"],"_links":{"self":[{"href":"https:\/\/www.ifmarinvast.se\/orientering\/wp-json\/wp\/v2\/posts\/1086","targetHints":{"allow":["GET"]}}],"collection":[{"href":"https:\/\/www.ifmarinvast.se\/orientering\/wp-json\/wp\/v2\/posts"}],"about":[{"href":"https:\/\/www.ifmarinvast.se\/orientering\/wp-json\/wp\/v2\/types\/post"}],"author":[{"embeddable":true,"href":"https:\/\/www.ifmarinvast.se\/orientering\/wp-json\/wp\/v2\/users\/2"}],"replies":[{"embeddable":true,"href":"https:\/\/www.ifmarinvast.se\/orientering\/wp-json\/wp\/v2\/comments?post=1086"}],"version-history":[{"count":1,"href":"https:\/\/www.ifmarinvast.se\/orientering\/wp-json\/wp\/v2\/posts\/1086\/revisions"}],"predecessor-version":[{"id":1869,"href":"https:\/\/www.ifmarinvast.se\/orientering\/wp-json\/wp\/v2\/posts\/1086\/revisions\/1869"}],"wp:attachment":[{"href":"https:\/\/www.ifmarinvast.se\/orientering\/wp-json\/wp\/v2\/media?parent=1086"}],"wp:term":[{"taxonomy":"category","embeddable":true,"href":"https:\/\/www.ifmarinvast.se\/orientering\/wp-json\/wp\/v2\/categories?post=1086"},{"taxonomy":"post_tag","embeddable":true,"href":"https:\/\/www.ifmarinvast.se\/orientering\/wp-json\/wp\/v2\/tags?post=1086"}],"curies":[{"name":"wp","href":"https:\/\/api.w.org\/{rel}","templated":true}]}}