{"id":1083,"date":"2005-10-15T00:00:00","date_gmt":"2005-10-14T22:00:00","guid":{"rendered":"http:\/\/ifmarinvast.se\/2016\/983\/"},"modified":"2015-10-11T14:43:13","modified_gmt":"2015-10-11T12:43:13","slug":"983","status":"publish","type":"post","link":"https:\/\/www.ifmarinvast.se\/orientering\/983\/","title":{"rendered":"Den 10 oktober s\u00e4nde Sl\u00e4ktband, SR P1, ett insla&#8230;"},"content":{"rendered":"<p>Den 10 oktober s\u00e4nde Sl\u00e4ktband, SR P1, ett inslag om K\u00e4ns\u00f6s karant\u00e4n-historia i sitt program. Om n\u00e5gon vill l\u00e4sa, lyssna eller ladda hem inslaget f\u00f6r att bilda sig lite ifo v\u00e4rldens b\u00e4sta l\u00e4ger-\u00f6, kolla in <a href='http:\/\/www.sr.se\/cgi-bin\/P1\/program\/index.asp?programID=2068' target='_blank'>Sl\u00e4ktbands hemsida<\/a>. Programmet ligger kvar i en m\u00e5nad.<\/p>\n","protected":false},"excerpt":{"rendered":"<p>Den 10 oktober s\u00e4nde Sl\u00e4ktband, SR P1, ett inslag om K\u00e4ns\u00f6s karant\u00e4n-historia i sitt program. Om n\u00e5gon vill l\u00e4sa, lyssna eller ladda hem inslaget f\u00f6r att bilda sig lite ifo [&hellip;]<\/p>\n","protected":false},"author":2,"featured_media":0,"comment_status":"open","ping_status":"open","sticky":false,"template":"","format":"standard","meta":{"footnotes":""},"categories":[262,1],"tags":[],"class_list":["post-1083","post","type-post","status-publish","format-standard","hentry","category-nyheter","category-okategoriserade"],"_links":{"self":[{"href":"https:\/\/www.ifmarinvast.se\/orientering\/wp-json\/wp\/v2\/posts\/1083","targetHints":{"allow":["GET"]}}],"collection":[{"href":"https:\/\/www.ifmarinvast.se\/orientering\/wp-json\/wp\/v2\/posts"}],"about":[{"href":"https:\/\/www.ifmarinvast.se\/orientering\/wp-json\/wp\/v2\/types\/post"}],"author":[{"embeddable":true,"href":"https:\/\/www.ifmarinvast.se\/orientering\/wp-json\/wp\/v2\/users\/2"}],"replies":[{"embeddable":true,"href":"https:\/\/www.ifmarinvast.se\/orientering\/wp-json\/wp\/v2\/comments?post=1083"}],"version-history":[{"count":1,"href":"https:\/\/www.ifmarinvast.se\/orientering\/wp-json\/wp\/v2\/posts\/1083\/revisions"}],"predecessor-version":[{"id":1867,"href":"https:\/\/www.ifmarinvast.se\/orientering\/wp-json\/wp\/v2\/posts\/1083\/revisions\/1867"}],"wp:attachment":[{"href":"https:\/\/www.ifmarinvast.se\/orientering\/wp-json\/wp\/v2\/media?parent=1083"}],"wp:term":[{"taxonomy":"category","embeddable":true,"href":"https:\/\/www.ifmarinvast.se\/orientering\/wp-json\/wp\/v2\/categories?post=1083"},{"taxonomy":"post_tag","embeddable":true,"href":"https:\/\/www.ifmarinvast.se\/orientering\/wp-json\/wp\/v2\/tags?post=1083"}],"curies":[{"name":"wp","href":"https:\/\/api.w.org\/{rel}","templated":true}]}}