{"id":1081,"date":"2005-10-06T00:00:00","date_gmt":"2005-10-05T22:00:00","guid":{"rendered":"http:\/\/ifmarinvast.se\/2016\/981\/"},"modified":"2015-10-11T14:43:13","modified_gmt":"2015-10-11T12:43:13","slug":"981","status":"publish","type":"post","link":"https:\/\/www.ifmarinvast.se\/orientering\/981\/","title":{"rendered":"Natt-KM g\u00e5r i Tuve torsdagen 20 okt, tillsammans &#8230;"},"content":{"rendered":"<p><a href='http:\/\/frolundaol.se\/Inbjudan_nattKM2005.html' target='_blank'>Natt-KM<\/a> g\u00e5r i Tuve torsdagen 20 okt, tillsammans med Fr\u00f6lunda, Herkules och Uven. FS kl 19.00. Vill du vara med, maila <a href='mailto:nattkm@frolundaol.se'>Fr\u00f6lunda OL<\/a> senast m\u00e5n 11\/10!<\/p>\n<p><b>L\u00e5na pannlampa?<\/b> Kontakta <a href='mailto:bengt@ifmv.nu'>Bengt D<\/a> senast helgen innan!<br \/><a href='http:\/\/radbo.org\/files\/pannlampa2005.pdf' target='_blank'>K\u00f6pa egen pannlampa?<\/a> Kontakta <a href='mailto:martin@ifmv.nu'>Martin R<\/a> senast s\u00f6n 9\/10!<\/p>\n","protected":false},"excerpt":{"rendered":"<p>Natt-KM g\u00e5r i Tuve torsdagen 20 okt, tillsammans med Fr\u00f6lunda, Herkules och Uven. FS kl 19.00. Vill du vara med, maila Fr\u00f6lunda OL senast m\u00e5n 11\/10! L\u00e5na pannlampa? Kontakta Bengt [&hellip;]<\/p>\n","protected":false},"author":2,"featured_media":0,"comment_status":"open","ping_status":"open","sticky":false,"template":"","format":"standard","meta":{"footnotes":""},"categories":[262,1],"tags":[],"class_list":["post-1081","post","type-post","status-publish","format-standard","hentry","category-nyheter","category-okategoriserade"],"_links":{"self":[{"href":"https:\/\/www.ifmarinvast.se\/orientering\/wp-json\/wp\/v2\/posts\/1081","targetHints":{"allow":["GET"]}}],"collection":[{"href":"https:\/\/www.ifmarinvast.se\/orientering\/wp-json\/wp\/v2\/posts"}],"about":[{"href":"https:\/\/www.ifmarinvast.se\/orientering\/wp-json\/wp\/v2\/types\/post"}],"author":[{"embeddable":true,"href":"https:\/\/www.ifmarinvast.se\/orientering\/wp-json\/wp\/v2\/users\/2"}],"replies":[{"embeddable":true,"href":"https:\/\/www.ifmarinvast.se\/orientering\/wp-json\/wp\/v2\/comments?post=1081"}],"version-history":[{"count":1,"href":"https:\/\/www.ifmarinvast.se\/orientering\/wp-json\/wp\/v2\/posts\/1081\/revisions"}],"predecessor-version":[{"id":3087,"href":"https:\/\/www.ifmarinvast.se\/orientering\/wp-json\/wp\/v2\/posts\/1081\/revisions\/3087"}],"wp:attachment":[{"href":"https:\/\/www.ifmarinvast.se\/orientering\/wp-json\/wp\/v2\/media?parent=1081"}],"wp:term":[{"taxonomy":"category","embeddable":true,"href":"https:\/\/www.ifmarinvast.se\/orientering\/wp-json\/wp\/v2\/categories?post=1081"},{"taxonomy":"post_tag","embeddable":true,"href":"https:\/\/www.ifmarinvast.se\/orientering\/wp-json\/wp\/v2\/tags?post=1081"}],"curies":[{"name":"wp","href":"https:\/\/api.w.org\/{rel}","templated":true}]}}