{"id":1080,"date":"2005-10-06T00:00:00","date_gmt":"2005-10-05T22:00:00","guid":{"rendered":"http:\/\/ifmarinvast.se\/2016\/980\/"},"modified":"2015-10-11T14:43:13","modified_gmt":"2015-10-11T12:43:13","slug":"980","status":"publish","type":"post","link":"https:\/\/www.ifmarinvast.se\/orientering\/980\/","title":{"rendered":"L\u00f6rdagen 22 oktober g\u00e5r IFK-budkavlen i Ruddalen&#8230;"},"content":{"rendered":"<p>L\u00f6rdagen 22 oktober g\u00e5r IFK-budkavlen i Ruddalenskogen. F\u00f6r dem som inte \u00e5ker till norska Blodslitet och springer ultral\u00e5ngdistans t\u00e4nkte vi f\u00f6rs\u00f6ka f\u00e5 ihop s\u00e5 m\u00e5nga budkavlelag som m\u00f6jligt fr\u00e5n klubben. En trevlig &#8217;hemmaavslutning&#8217; f\u00f6r klubbs\u00e4songen!<\/p>\n<p>Det finns <a href='http:\/\/www.ifkgbgol.nu\/files\/sites\/inbjudan_hostbudkavlen_2005.htm' target='_blank'>lag f\u00f6r alla!<\/a> Vi kan bilda lag av<br \/>-ungdomar upp till 14 \u00e5r<br \/>-halverfarna och erfarna f\u00f6r\u00e4ldrar och andra \u00f6ver 14 \u00e5r<\/p>\n<p>Om du k\u00e4nner dig tr\u00e4ffad, <a href='mailto:linda@ifmv.nu'>maila mig senast s\u00f6n 9 okt<\/a> s\u00e5 s\u00e4tter jag ihop lag!<\/p>\n<p>(medeldistans p\u00e5 samma karta dagen efter ox\u00e5!)<\/p>\n","protected":false},"excerpt":{"rendered":"<p>L\u00f6rdagen 22 oktober g\u00e5r IFK-budkavlen i Ruddalenskogen. F\u00f6r dem som inte \u00e5ker till norska Blodslitet och springer ultral\u00e5ngdistans t\u00e4nkte vi f\u00f6rs\u00f6ka f\u00e5 ihop s\u00e5 m\u00e5nga budkavlelag som m\u00f6jligt fr\u00e5n klubben. [&hellip;]<\/p>\n","protected":false},"author":2,"featured_media":0,"comment_status":"open","ping_status":"open","sticky":false,"template":"","format":"standard","meta":{"footnotes":""},"categories":[262,1],"tags":[],"class_list":["post-1080","post","type-post","status-publish","format-standard","hentry","category-nyheter","category-okategoriserade"],"_links":{"self":[{"href":"https:\/\/www.ifmarinvast.se\/orientering\/wp-json\/wp\/v2\/posts\/1080","targetHints":{"allow":["GET"]}}],"collection":[{"href":"https:\/\/www.ifmarinvast.se\/orientering\/wp-json\/wp\/v2\/posts"}],"about":[{"href":"https:\/\/www.ifmarinvast.se\/orientering\/wp-json\/wp\/v2\/types\/post"}],"author":[{"embeddable":true,"href":"https:\/\/www.ifmarinvast.se\/orientering\/wp-json\/wp\/v2\/users\/2"}],"replies":[{"embeddable":true,"href":"https:\/\/www.ifmarinvast.se\/orientering\/wp-json\/wp\/v2\/comments?post=1080"}],"version-history":[{"count":1,"href":"https:\/\/www.ifmarinvast.se\/orientering\/wp-json\/wp\/v2\/posts\/1080\/revisions"}],"predecessor-version":[{"id":3086,"href":"https:\/\/www.ifmarinvast.se\/orientering\/wp-json\/wp\/v2\/posts\/1080\/revisions\/3086"}],"wp:attachment":[{"href":"https:\/\/www.ifmarinvast.se\/orientering\/wp-json\/wp\/v2\/media?parent=1080"}],"wp:term":[{"taxonomy":"category","embeddable":true,"href":"https:\/\/www.ifmarinvast.se\/orientering\/wp-json\/wp\/v2\/categories?post=1080"},{"taxonomy":"post_tag","embeddable":true,"href":"https:\/\/www.ifmarinvast.se\/orientering\/wp-json\/wp\/v2\/tags?post=1080"}],"curies":[{"name":"wp","href":"https:\/\/api.w.org\/{rel}","templated":true}]}}