{"id":1072,"date":"2005-09-25T00:00:00","date_gmt":"2005-09-24T22:00:00","guid":{"rendered":"http:\/\/ifmarinvast.se\/2016\/skol-sm-i-filipstad\/"},"modified":"2015-10-11T14:43:14","modified_gmt":"2015-10-11T12:43:14","slug":"skol-sm-i-filipstad","status":"publish","type":"post","link":"https:\/\/www.ifmarinvast.se\/orientering\/skol-sm-i-filipstad\/","title":{"rendered":"Skol-SM i Filipstad"},"content":{"rendered":"<p>I helgen har v\u00e5r tappra D14 tjejer varit i metropolen Filipstad och t\u00e4vlat i <a href='http:\/\/www.orientering.se\/varmland\/t7.asp?p=18138' target='_blank'>Skol-SM<\/a>.<\/p>\n<p>P\u00e5 den klassiska distans var Emma och Hanna bara sekunder fr\u00e5n en Bronsmedalj. Efter en f\u00f6rsm\u00e4dlig bom p\u00e5 sista kontrollen tappade Hanna sin 3:e plats och slutade 6a. Emma missade tidigare i loppet och slutade 4:a, 11 sekunder fr\u00e5n bronset.<br \/>Clara med stukad fot och skoskav promenerade runt i klassen &#8217;utom t\u00e4vlan&#8217;. Det visade sig att 92orna inte var med i den klassiska distansen.<\/p>\n<p>Vid Stadssprint lyckades Hanna b\u00e4st med en 12:e plats i klassen &#8217;Damer Grundskolan&#8217;. Vilket kan \u00f6vers\u00e4ttas till D15. Emma slutade 51a och Clara 65a.<\/p>\n<p>Bra gjort tjejer.<\/p>\n","protected":false},"excerpt":{"rendered":"<p>I helgen har v\u00e5r tappra D14 tjejer varit i metropolen Filipstad och t\u00e4vlat i Skol-SM. P\u00e5 den klassiska distans var Emma och Hanna bara sekunder fr\u00e5n en Bronsmedalj. Efter en [&hellip;]<\/p>\n","protected":false},"author":2,"featured_media":0,"comment_status":"open","ping_status":"open","sticky":false,"template":"","format":"standard","meta":{"footnotes":""},"categories":[262,1],"tags":[],"class_list":["post-1072","post","type-post","status-publish","format-standard","hentry","category-nyheter","category-okategoriserade"],"_links":{"self":[{"href":"https:\/\/www.ifmarinvast.se\/orientering\/wp-json\/wp\/v2\/posts\/1072","targetHints":{"allow":["GET"]}}],"collection":[{"href":"https:\/\/www.ifmarinvast.se\/orientering\/wp-json\/wp\/v2\/posts"}],"about":[{"href":"https:\/\/www.ifmarinvast.se\/orientering\/wp-json\/wp\/v2\/types\/post"}],"author":[{"embeddable":true,"href":"https:\/\/www.ifmarinvast.se\/orientering\/wp-json\/wp\/v2\/users\/2"}],"replies":[{"embeddable":true,"href":"https:\/\/www.ifmarinvast.se\/orientering\/wp-json\/wp\/v2\/comments?post=1072"}],"version-history":[{"count":1,"href":"https:\/\/www.ifmarinvast.se\/orientering\/wp-json\/wp\/v2\/posts\/1072\/revisions"}],"predecessor-version":[{"id":3089,"href":"https:\/\/www.ifmarinvast.se\/orientering\/wp-json\/wp\/v2\/posts\/1072\/revisions\/3089"}],"wp:attachment":[{"href":"https:\/\/www.ifmarinvast.se\/orientering\/wp-json\/wp\/v2\/media?parent=1072"}],"wp:term":[{"taxonomy":"category","embeddable":true,"href":"https:\/\/www.ifmarinvast.se\/orientering\/wp-json\/wp\/v2\/categories?post=1072"},{"taxonomy":"post_tag","embeddable":true,"href":"https:\/\/www.ifmarinvast.se\/orientering\/wp-json\/wp\/v2\/tags?post=1072"}],"curies":[{"name":"wp","href":"https:\/\/api.w.org\/{rel}","templated":true}]}}