{"id":1066,"date":"2005-09-15T00:00:00","date_gmt":"2005-09-14T22:00:00","guid":{"rendered":"http:\/\/ifmarinvast.se\/2016\/violetta-kursen-har-startat\/"},"modified":"2015-10-11T14:43:14","modified_gmt":"2015-10-11T12:43:14","slug":"violetta-kursen-har-startat","status":"publish","type":"post","link":"https:\/\/www.ifmarinvast.se\/orientering\/violetta-kursen-har-startat\/","title":{"rendered":"Violetta kursen har startat!"},"content":{"rendered":"<p><img src='http:\/\/www.orientering.se\/files\/%7B21B1E12B-CB14-4127-878A-45F88F4489CC%7D.gif' align='right'\n\nI tisdags k\u00f6rde vi v\u00e5r f\u00f6rsta tr\u00e4ning och l\u00e4rde oss bland annat allt om h\u00f6jdkurvor. \n\nVi har nu spikat <a href='http:\/\/www.longitud.net\/ifmv\/violettkurs.pdf'>schemat f\u00f6r kursen<\/a>. Klicka p\u00e5 l\u00e4nken f\u00f6r att ladda ner hela PM:et. Observera att vi har \u00e4ndrat tiden till 17:30 samt att vi flyttat tv\u00e5 dagar. Detta g\u00f6r vi f\u00f6r att alla som var intresserade av kursen ska f\u00e5 en chans att \u00e5tminstone deltaga p\u00e5 n\u00e5gra av tr\u00e4ningarna. <\/p>\n<p>Kom ih\u00e5g att vi fikar och diskuterar dagens moment efter varje tr\u00e4ning s\u00e5 tag med en liten peng att k\u00f6pa fika f\u00f6r. P\u00e5 torsdagstr\u00e4ningarna d\u00e4remot m\u00e5ste ni ta med fika hemifr\u00e5n. <\/p>\n<p>Har du fr\u00e5gor eller funderingar, maila till <a href='mailto:linda@ifmv.nu'>Linda <\/a>eller <a href='mailto:martin@ifmv.nu'>Martin<\/a>.<\/p>\n<p>(\u00e4r du intresserad av n\u00e5gon annan tekniktr\u00e4ning eller niv\u00e5, skriv g\u00e4rna en rad i g\u00e4stboken!<\/p>\n","protected":false},"excerpt":{"rendered":"","protected":false},"author":2,"featured_media":0,"comment_status":"open","ping_status":"open","sticky":false,"template":"","format":"standard","meta":{"footnotes":""},"categories":[262,1],"tags":[],"class_list":["post-1066","post","type-post","status-publish","format-standard","hentry","category-nyheter","category-okategoriserade"],"_links":{"self":[{"href":"https:\/\/www.ifmarinvast.se\/orientering\/wp-json\/wp\/v2\/posts\/1066","targetHints":{"allow":["GET"]}}],"collection":[{"href":"https:\/\/www.ifmarinvast.se\/orientering\/wp-json\/wp\/v2\/posts"}],"about":[{"href":"https:\/\/www.ifmarinvast.se\/orientering\/wp-json\/wp\/v2\/types\/post"}],"author":[{"embeddable":true,"href":"https:\/\/www.ifmarinvast.se\/orientering\/wp-json\/wp\/v2\/users\/2"}],"replies":[{"embeddable":true,"href":"https:\/\/www.ifmarinvast.se\/orientering\/wp-json\/wp\/v2\/comments?post=1066"}],"version-history":[{"count":1,"href":"https:\/\/www.ifmarinvast.se\/orientering\/wp-json\/wp\/v2\/posts\/1066\/revisions"}],"predecessor-version":[{"id":3092,"href":"https:\/\/www.ifmarinvast.se\/orientering\/wp-json\/wp\/v2\/posts\/1066\/revisions\/3092"}],"wp:attachment":[{"href":"https:\/\/www.ifmarinvast.se\/orientering\/wp-json\/wp\/v2\/media?parent=1066"}],"wp:term":[{"taxonomy":"category","embeddable":true,"href":"https:\/\/www.ifmarinvast.se\/orientering\/wp-json\/wp\/v2\/categories?post=1066"},{"taxonomy":"post_tag","embeddable":true,"href":"https:\/\/www.ifmarinvast.se\/orientering\/wp-json\/wp\/v2\/tags?post=1066"}],"curies":[{"name":"wp","href":"https:\/\/api.w.org\/{rel}","templated":true}]}}