{"id":1059,"date":"2005-09-12T00:00:00","date_gmt":"2005-09-11T22:00:00","guid":{"rendered":"http:\/\/ifmarinvast.se\/2016\/klubbmasterskapet-2005\/"},"modified":"2015-10-11T14:43:14","modified_gmt":"2015-10-11T12:43:14","slug":"klubbmasterskapet-2005","status":"publish","type":"post","link":"https:\/\/www.ifmarinvast.se\/orientering\/klubbmasterskapet-2005\/","title":{"rendered":"Klubbm\u00e4sterskapet 2005"},"content":{"rendered":"<p><a href='http:\/\/www.ifmv.nu\/tavling\/index.asp?id=1092'>P\u00c5 IK UVENS T\u00c4VLING 25 SEPTEMBER<\/a><br \/>F\u00f6r klasserna D21, H21 och D14 sker anm\u00e4lan till t\u00e4vlingen p\u00e5 vanligt s\u00e4tt. Sista anm\u00e4lningsdag \u00e4r onsdag 14 september.<\/p>\n<p>F\u00f6r \u00f6vriga g\u00e4ller att anm\u00e4lan sker till Bengt Dellming senast 22 september. Bengt f\u00f6rdelar de anm\u00e4lda i olika KM-klasser. F\u00f6rdelningen l\u00e4ggs ut p\u00e5 hemsidan. Olika &#8217;\u00d6ppna banor&#8217; kommer att g\u00e4lla f\u00f6r dessa KM-klasser. Anm\u00e4lan till dessa KM-klasser sker av den enskilde l\u00f6paren vid &#8217;Direktanm\u00e4lan&#8217; p\u00e5 TC t\u00e4vlingsdagen.<\/p>\n<p>Bengt n\u00e5s p\u00e5 031-295107 eller <a href='mailto:eva.dellming@gothnet.nu'>eva.dellming@gothnet.nu<\/a><\/p>\n","protected":false},"excerpt":{"rendered":"<p>P\u00c5 IK UVENS T\u00c4VLING 25 SEPTEMBERF\u00f6r klasserna D21, H21 och D14 sker anm\u00e4lan till t\u00e4vlingen p\u00e5 vanligt s\u00e4tt. Sista anm\u00e4lningsdag \u00e4r onsdag 14 september. F\u00f6r \u00f6vriga g\u00e4ller att anm\u00e4lan sker [&hellip;]<\/p>\n","protected":false},"author":2,"featured_media":0,"comment_status":"open","ping_status":"open","sticky":false,"template":"","format":"standard","meta":{"footnotes":""},"categories":[262,1],"tags":[],"class_list":["post-1059","post","type-post","status-publish","format-standard","hentry","category-nyheter","category-okategoriserade"],"_links":{"self":[{"href":"https:\/\/www.ifmarinvast.se\/orientering\/wp-json\/wp\/v2\/posts\/1059","targetHints":{"allow":["GET"]}}],"collection":[{"href":"https:\/\/www.ifmarinvast.se\/orientering\/wp-json\/wp\/v2\/posts"}],"about":[{"href":"https:\/\/www.ifmarinvast.se\/orientering\/wp-json\/wp\/v2\/types\/post"}],"author":[{"embeddable":true,"href":"https:\/\/www.ifmarinvast.se\/orientering\/wp-json\/wp\/v2\/users\/2"}],"replies":[{"embeddable":true,"href":"https:\/\/www.ifmarinvast.se\/orientering\/wp-json\/wp\/v2\/comments?post=1059"}],"version-history":[{"count":1,"href":"https:\/\/www.ifmarinvast.se\/orientering\/wp-json\/wp\/v2\/posts\/1059\/revisions"}],"predecessor-version":[{"id":3093,"href":"https:\/\/www.ifmarinvast.se\/orientering\/wp-json\/wp\/v2\/posts\/1059\/revisions\/3093"}],"wp:attachment":[{"href":"https:\/\/www.ifmarinvast.se\/orientering\/wp-json\/wp\/v2\/media?parent=1059"}],"wp:term":[{"taxonomy":"category","embeddable":true,"href":"https:\/\/www.ifmarinvast.se\/orientering\/wp-json\/wp\/v2\/categories?post=1059"},{"taxonomy":"post_tag","embeddable":true,"href":"https:\/\/www.ifmarinvast.se\/orientering\/wp-json\/wp\/v2\/tags?post=1059"}],"curies":[{"name":"wp","href":"https:\/\/api.w.org\/{rel}","templated":true}]}}