{"id":1057,"date":"2005-09-08T00:00:00","date_gmt":"2005-09-07T22:00:00","guid":{"rendered":"http:\/\/ifmarinvast.se\/2016\/957-violett-kurs\/"},"modified":"2015-11-03T07:42:48","modified_gmt":"2015-11-03T06:42:48","slug":"957-violett-kurs","status":"publish","type":"post","link":"https:\/\/www.ifmarinvast.se\/orientering\/957-violett-kurs\/","title":{"rendered":"Violett kurs!"},"content":{"rendered":"<p>Nu \u00e4ntligen blir den violetta orienteringsteknik-kursen f\u00f6r ungdomar av! Violett teknikniv\u00e5 motsvarar klasserna HD16, och f\u00f6r att g\u00e5 den h\u00e4r kursen beh\u00f6ver man ha t\u00e4vlat en del i minst HD14klasserna, orange niv\u00e5.<\/p>\n<p>Vi kommer att utg\u00e5 fr\u00e5n P\u00e5velunds MC p\u00e5 tisdagar kl 18, allts\u00e5 den gamla tisdagstr\u00e4ningstiden. Prelimin\u00e4rt b\u00f6rjar vi efter K\u00e4ns\u00f6l\u00e4gret (13\/9) och k\u00f6r iaf fem tisdagar, och kanske n\u00e5gon s\u00f6ndagseftermiddag, f\u00f6r att hinna med alla teknikmoment. Dessutom \u00e4r vi med p\u00e5 torsdagtr\u00e4ningarna och \u00f6var p\u00e5 det vi l\u00e4rt oss.<\/p>\n<p>Sj\u00e4lva kursen kostar inget f\u00f6r medlemmar, men tag med 10kr till varje tr\u00e4ning s\u00e5 vi kan k\u00f6pa n\u00e5gon fika till eftersnacket. 2h h\u00e5ller vi p\u00e5 ungef\u00e4r.<\/p>\n<p>Vill du vara med, anm\u00e4l dig till <a href=\"mailto:linda@ifmv.nu\">Linda <\/a>eller <a href=\"mailto:martin@ifmv.nu\">Martin<\/a>, helst f\u00f6re s\u00f6ndag 11\/9.<\/p>\n<p>(\u00e4r du intresserad av n\u00e5gon annan tekniktr\u00e4ning eller niv\u00e5, skriv g\u00e4rna en rad i g\u00e4stboken!)<\/p>\n<p><i>K 15. Kontrolltagning i detaljfattig terr\u00e4ng. En del av den violetta kursen. <a href=\"http:\/\/www.orientering.se\/t2.asp?p=82799\" target=\"_blank\">Bild fr\u00e5n orientering.se<\/a><\/i><\/p>\n","protected":false},"excerpt":{"rendered":"<p>Nu \u00e4ntligen blir den violetta orienteringsteknik-kursen f\u00f6r ungdomar av! Violett teknikniv\u00e5 motsvarar klasserna HD16, och f\u00f6r att g\u00e5 den h\u00e4r kursen beh\u00f6ver man ha t\u00e4vlat en del i minst HD14klasserna, [&hellip;]<\/p>\n","protected":false},"author":2,"featured_media":0,"comment_status":"open","ping_status":"open","sticky":false,"template":"","format":"standard","meta":{"footnotes":""},"categories":[262,1],"tags":[],"class_list":["post-1057","post","type-post","status-publish","format-standard","hentry","category-nyheter","category-okategoriserade"],"_links":{"self":[{"href":"https:\/\/www.ifmarinvast.se\/orientering\/wp-json\/wp\/v2\/posts\/1057","targetHints":{"allow":["GET"]}}],"collection":[{"href":"https:\/\/www.ifmarinvast.se\/orientering\/wp-json\/wp\/v2\/posts"}],"about":[{"href":"https:\/\/www.ifmarinvast.se\/orientering\/wp-json\/wp\/v2\/types\/post"}],"author":[{"embeddable":true,"href":"https:\/\/www.ifmarinvast.se\/orientering\/wp-json\/wp\/v2\/users\/2"}],"replies":[{"embeddable":true,"href":"https:\/\/www.ifmarinvast.se\/orientering\/wp-json\/wp\/v2\/comments?post=1057"}],"version-history":[{"count":2,"href":"https:\/\/www.ifmarinvast.se\/orientering\/wp-json\/wp\/v2\/posts\/1057\/revisions"}],"predecessor-version":[{"id":3411,"href":"https:\/\/www.ifmarinvast.se\/orientering\/wp-json\/wp\/v2\/posts\/1057\/revisions\/3411"}],"wp:attachment":[{"href":"https:\/\/www.ifmarinvast.se\/orientering\/wp-json\/wp\/v2\/media?parent=1057"}],"wp:term":[{"taxonomy":"category","embeddable":true,"href":"https:\/\/www.ifmarinvast.se\/orientering\/wp-json\/wp\/v2\/categories?post=1057"},{"taxonomy":"post_tag","embeddable":true,"href":"https:\/\/www.ifmarinvast.se\/orientering\/wp-json\/wp\/v2\/tags?post=1057"}],"curies":[{"name":"wp","href":"https:\/\/api.w.org\/{rel}","templated":true}]}}