{"id":1053,"date":"2005-09-05T00:00:00","date_gmt":"2005-09-04T22:00:00","guid":{"rendered":"http:\/\/ifmarinvast.se\/2016\/film-fran-dm-stafetten\/"},"modified":"2015-10-11T14:43:32","modified_gmt":"2015-10-11T12:43:32","slug":"film-fran-dm-stafetten","status":"publish","type":"post","link":"https:\/\/www.ifmarinvast.se\/orientering\/film-fran-dm-stafetten\/","title":{"rendered":"Film fr\u00e5n DM-stafetten"},"content":{"rendered":"<p><a href='http:\/\/www.longitud.net\/ifmv\/album\/album\/stafettDM05.wmv'><img src='http:\/\/www.ifmv.nu\/filmer\/filmbilder\/stafettdm2005.jpg' align='right' border=0><\/a><a href='http:\/\/www.longitud.net\/ifmv\/album\/album\/stafettDM05.wmv'>H\u00e4r finns en film fr\u00e5n stafett-DM<\/a> som avgjordes f\u00f6rra helgen.<\/p>\n<p>Fler filmer p\u00e5 <a href='filmer\/'>filmsidan\u00a0\u00bb<\/a><\/p>\n","protected":false},"excerpt":{"rendered":"<p>H\u00e4r finns en film fr\u00e5n stafett-DM som avgjordes f\u00f6rra helgen. Fler filmer p\u00e5 filmsidan\u00a0\u00bb<\/p>\n","protected":false},"author":2,"featured_media":0,"comment_status":"open","ping_status":"open","sticky":false,"template":"","format":"standard","meta":{"footnotes":""},"categories":[262,1],"tags":[],"class_list":["post-1053","post","type-post","status-publish","format-standard","hentry","category-nyheter","category-okategoriserade"],"_links":{"self":[{"href":"https:\/\/www.ifmarinvast.se\/orientering\/wp-json\/wp\/v2\/posts\/1053","targetHints":{"allow":["GET"]}}],"collection":[{"href":"https:\/\/www.ifmarinvast.se\/orientering\/wp-json\/wp\/v2\/posts"}],"about":[{"href":"https:\/\/www.ifmarinvast.se\/orientering\/wp-json\/wp\/v2\/types\/post"}],"author":[{"embeddable":true,"href":"https:\/\/www.ifmarinvast.se\/orientering\/wp-json\/wp\/v2\/users\/2"}],"replies":[{"embeddable":true,"href":"https:\/\/www.ifmarinvast.se\/orientering\/wp-json\/wp\/v2\/comments?post=1053"}],"version-history":[{"count":1,"href":"https:\/\/www.ifmarinvast.se\/orientering\/wp-json\/wp\/v2\/posts\/1053\/revisions"}],"predecessor-version":[{"id":1857,"href":"https:\/\/www.ifmarinvast.se\/orientering\/wp-json\/wp\/v2\/posts\/1053\/revisions\/1857"}],"wp:attachment":[{"href":"https:\/\/www.ifmarinvast.se\/orientering\/wp-json\/wp\/v2\/media?parent=1053"}],"wp:term":[{"taxonomy":"category","embeddable":true,"href":"https:\/\/www.ifmarinvast.se\/orientering\/wp-json\/wp\/v2\/categories?post=1053"},{"taxonomy":"post_tag","embeddable":true,"href":"https:\/\/www.ifmarinvast.se\/orientering\/wp-json\/wp\/v2\/tags?post=1053"}],"curies":[{"name":"wp","href":"https:\/\/api.w.org\/{rel}","templated":true}]}}