{"id":1052,"date":"2005-09-04T00:00:00","date_gmt":"2005-09-03T22:00:00","guid":{"rendered":"http:\/\/ifmarinvast.se\/2016\/emma-langdistansmastare\/"},"modified":"2015-10-11T14:43:32","modified_gmt":"2015-10-11T12:43:32","slug":"emma-langdistansmastare","status":"publish","type":"post","link":"https:\/\/www.ifmarinvast.se\/orientering\/emma-langdistansmastare\/","title":{"rendered":"Emma l\u00e5ngdistansm\u00e4stare!"},"content":{"rendered":"<p><img src='\/pic\/emmagarmer.jpg' align='right' border=0>Idag p\u00e5 \u00e5rets sista DM-t\u00e4vling, l\u00e5ngdistansen, var Emma tillbaka och vann, trots att hon var lite missn\u00f6jd med loppet! D\u00e4rmed har Emma och Hanna, tillsammans med Jenny och Clara i stafetten, tagit hem SAMTLIGA fem guldmedaljer och distriktsm\u00e4startitlar i \u00e5r. Ni \u00e4r fantastiska!<\/p>\n<p>Kul att det har varit IFMV:are ute p\u00e5 samtliga m\u00e4sterskaps\u00e4vlingar i \u00e5r, \u00e4ven om inga andra kunnat visa upp samma fantastiska placeringssvit!<\/p>\n","protected":false},"excerpt":{"rendered":"<p>Idag p\u00e5 \u00e5rets sista DM-t\u00e4vling, l\u00e5ngdistansen, var Emma tillbaka och vann, trots att hon var lite missn\u00f6jd med loppet! D\u00e4rmed har Emma och Hanna, tillsammans med Jenny och Clara i [&hellip;]<\/p>\n","protected":false},"author":2,"featured_media":0,"comment_status":"open","ping_status":"open","sticky":false,"template":"","format":"standard","meta":{"footnotes":""},"categories":[262,1],"tags":[],"class_list":["post-1052","post","type-post","status-publish","format-standard","hentry","category-nyheter","category-okategoriserade"],"_links":{"self":[{"href":"https:\/\/www.ifmarinvast.se\/orientering\/wp-json\/wp\/v2\/posts\/1052","targetHints":{"allow":["GET"]}}],"collection":[{"href":"https:\/\/www.ifmarinvast.se\/orientering\/wp-json\/wp\/v2\/posts"}],"about":[{"href":"https:\/\/www.ifmarinvast.se\/orientering\/wp-json\/wp\/v2\/types\/post"}],"author":[{"embeddable":true,"href":"https:\/\/www.ifmarinvast.se\/orientering\/wp-json\/wp\/v2\/users\/2"}],"replies":[{"embeddable":true,"href":"https:\/\/www.ifmarinvast.se\/orientering\/wp-json\/wp\/v2\/comments?post=1052"}],"version-history":[{"count":1,"href":"https:\/\/www.ifmarinvast.se\/orientering\/wp-json\/wp\/v2\/posts\/1052\/revisions"}],"predecessor-version":[{"id":3096,"href":"https:\/\/www.ifmarinvast.se\/orientering\/wp-json\/wp\/v2\/posts\/1052\/revisions\/3096"}],"wp:attachment":[{"href":"https:\/\/www.ifmarinvast.se\/orientering\/wp-json\/wp\/v2\/media?parent=1052"}],"wp:term":[{"taxonomy":"category","embeddable":true,"href":"https:\/\/www.ifmarinvast.se\/orientering\/wp-json\/wp\/v2\/categories?post=1052"},{"taxonomy":"post_tag","embeddable":true,"href":"https:\/\/www.ifmarinvast.se\/orientering\/wp-json\/wp\/v2\/tags?post=1052"}],"curies":[{"name":"wp","href":"https:\/\/api.w.org\/{rel}","templated":true}]}}