{"id":1050,"date":"2005-09-03T00:00:00","date_gmt":"2005-09-02T22:00:00","guid":{"rendered":"http:\/\/ifmarinvast.se\/2016\/information-om-kansolagret\/"},"modified":"2015-10-11T14:43:32","modified_gmt":"2015-10-11T12:43:32","slug":"information-om-kansolagret","status":"publish","type":"post","link":"https:\/\/www.ifmarinvast.se\/orientering\/information-om-kansolagret\/","title":{"rendered":"Information om K\u00e4ns\u00f6l\u00e4gret&#8230;"},"content":{"rendered":"<p>&#8230;kommer att komma ut till alla anm\u00e4lda via mail i b\u00f6rjan av veckan. I v\u00e4ntan p\u00e5 det kan ni b\u00f6rja f\u00f6rbereda er genom att<br \/>-packa kompassen, om ni har<br \/>-ladda och ta med pannlampan, om ni har<br \/>-g\u00e4rna <a href='http:\/\/www.hembakningsradet.se\/_femenkla_vete.html' target='_blank'>baka en kaka eller lite bullar<\/a> och ta med<\/p>\n<p>Har ni fr\u00e5gor, kontakta <a href='mailto:anders@ifmv.nu'>Anders J<\/a> eller <a href='mailto:linda@ifmv.nu'>Linda M<\/a>!<\/p>\n","protected":false},"excerpt":{"rendered":"<p>&#8230;kommer att komma ut till alla anm\u00e4lda via mail i b\u00f6rjan av veckan. I v\u00e4ntan p\u00e5 det kan ni b\u00f6rja f\u00f6rbereda er genom att-packa kompassen, om ni har-ladda och ta [&hellip;]<\/p>\n","protected":false},"author":2,"featured_media":0,"comment_status":"open","ping_status":"open","sticky":false,"template":"","format":"standard","meta":{"footnotes":""},"categories":[262,1],"tags":[],"class_list":["post-1050","post","type-post","status-publish","format-standard","hentry","category-nyheter","category-okategoriserade"],"_links":{"self":[{"href":"https:\/\/www.ifmarinvast.se\/orientering\/wp-json\/wp\/v2\/posts\/1050","targetHints":{"allow":["GET"]}}],"collection":[{"href":"https:\/\/www.ifmarinvast.se\/orientering\/wp-json\/wp\/v2\/posts"}],"about":[{"href":"https:\/\/www.ifmarinvast.se\/orientering\/wp-json\/wp\/v2\/types\/post"}],"author":[{"embeddable":true,"href":"https:\/\/www.ifmarinvast.se\/orientering\/wp-json\/wp\/v2\/users\/2"}],"replies":[{"embeddable":true,"href":"https:\/\/www.ifmarinvast.se\/orientering\/wp-json\/wp\/v2\/comments?post=1050"}],"version-history":[{"count":1,"href":"https:\/\/www.ifmarinvast.se\/orientering\/wp-json\/wp\/v2\/posts\/1050\/revisions"}],"predecessor-version":[{"id":3098,"href":"https:\/\/www.ifmarinvast.se\/orientering\/wp-json\/wp\/v2\/posts\/1050\/revisions\/3098"}],"wp:attachment":[{"href":"https:\/\/www.ifmarinvast.se\/orientering\/wp-json\/wp\/v2\/media?parent=1050"}],"wp:term":[{"taxonomy":"category","embeddable":true,"href":"https:\/\/www.ifmarinvast.se\/orientering\/wp-json\/wp\/v2\/categories?post=1050"},{"taxonomy":"post_tag","embeddable":true,"href":"https:\/\/www.ifmarinvast.se\/orientering\/wp-json\/wp\/v2\/tags?post=1050"}],"curies":[{"name":"wp","href":"https:\/\/api.w.org\/{rel}","templated":true}]}}