{"id":1049,"date":"2005-09-03T00:00:00","date_gmt":"2005-09-02T22:00:00","guid":{"rendered":"http:\/\/ifmarinvast.se\/2016\/hanna-nattmastare\/"},"modified":"2015-10-11T14:43:32","modified_gmt":"2015-10-11T12:43:32","slug":"hanna-nattmastare","status":"publish","type":"post","link":"https:\/\/www.ifmarinvast.se\/orientering\/hanna-nattmastare\/","title":{"rendered":"Hanna nattm\u00e4stare!"},"content":{"rendered":"<p><img src='http:\/\/www.longitud.net\/ifmv\/lindasnotiser\/guld.jpg' align='left' border=0><img src='http:\/\/www.longitud.net\/ifmv\/lindasnotiser\/smorgas.jpg' align='right' border=0>Fem tappra IFMV:are tog sig \u00f6ver broarna till Orust och Natt-DM i Svanesund i fredags. Facit blev en mittplacering, en felst\u00e4mpling och tv\u00e5 brutna lopp&#8230;och att Hanna blev distriktsm\u00e4stare i natt-OL! Kanske tack vare att hon laddat med sm\u00f6rg\u00e5s innan.<\/p>\n<p>N\u00e4sta g\u00e5ng hoppas vi att vi alla lyckas b\u00e4ttre, och att vi blir m\u00e5nga fler som vill testa nattDM!<\/p>\n","protected":false},"excerpt":{"rendered":"<p>Fem tappra IFMV:are tog sig \u00f6ver broarna till Orust och Natt-DM i Svanesund i fredags. Facit blev en mittplacering, en felst\u00e4mpling och tv\u00e5 brutna lopp&#8230;och att Hanna blev distriktsm\u00e4stare i [&hellip;]<\/p>\n","protected":false},"author":2,"featured_media":0,"comment_status":"open","ping_status":"open","sticky":false,"template":"","format":"standard","meta":{"footnotes":""},"categories":[262,1],"tags":[],"class_list":["post-1049","post","type-post","status-publish","format-standard","hentry","category-nyheter","category-okategoriserade"],"_links":{"self":[{"href":"https:\/\/www.ifmarinvast.se\/orientering\/wp-json\/wp\/v2\/posts\/1049","targetHints":{"allow":["GET"]}}],"collection":[{"href":"https:\/\/www.ifmarinvast.se\/orientering\/wp-json\/wp\/v2\/posts"}],"about":[{"href":"https:\/\/www.ifmarinvast.se\/orientering\/wp-json\/wp\/v2\/types\/post"}],"author":[{"embeddable":true,"href":"https:\/\/www.ifmarinvast.se\/orientering\/wp-json\/wp\/v2\/users\/2"}],"replies":[{"embeddable":true,"href":"https:\/\/www.ifmarinvast.se\/orientering\/wp-json\/wp\/v2\/comments?post=1049"}],"version-history":[{"count":1,"href":"https:\/\/www.ifmarinvast.se\/orientering\/wp-json\/wp\/v2\/posts\/1049\/revisions"}],"predecessor-version":[{"id":3097,"href":"https:\/\/www.ifmarinvast.se\/orientering\/wp-json\/wp\/v2\/posts\/1049\/revisions\/3097"}],"wp:attachment":[{"href":"https:\/\/www.ifmarinvast.se\/orientering\/wp-json\/wp\/v2\/media?parent=1049"}],"wp:term":[{"taxonomy":"category","embeddable":true,"href":"https:\/\/www.ifmarinvast.se\/orientering\/wp-json\/wp\/v2\/categories?post=1049"},{"taxonomy":"post_tag","embeddable":true,"href":"https:\/\/www.ifmarinvast.se\/orientering\/wp-json\/wp\/v2\/tags?post=1049"}],"curies":[{"name":"wp","href":"https:\/\/api.w.org\/{rel}","templated":true}]}}