{"id":1047,"date":"2005-09-01T00:00:00","date_gmt":"2005-08-31T22:00:00","guid":{"rendered":"http:\/\/ifmarinvast.se\/2016\/torsdagstraningarna-har-borjat\/"},"modified":"2015-10-11T14:43:32","modified_gmt":"2015-10-11T12:43:32","slug":"torsdagstraningarna-har-borjat","status":"publish","type":"post","link":"https:\/\/www.ifmarinvast.se\/orientering\/torsdagstraningarna-har-borjat\/","title":{"rendered":"Torsdagstr\u00e4ningarna har b\u00f6rjat!"},"content":{"rendered":"<p>Ikv\u00e4ll \u00e4r det kontrollplock i Torrekulla som g\u00e4ller, start 17.30-18.30. Alla Marin V\u00e4stare \u00e4r hj\u00e4rtligt v\u00e4lkomna!<\/p>\n<p>H\u00f6stens torsdagstr\u00e4ningar finns p\u00e5 <a href='http:\/\/www.ifmv.nu\/ko\/'>tr\u00e4ningssidan \u00bb<\/a><\/p>\n","protected":false},"excerpt":{"rendered":"<p>Ikv\u00e4ll \u00e4r det kontrollplock i Torrekulla som g\u00e4ller, start 17.30-18.30. Alla Marin V\u00e4stare \u00e4r hj\u00e4rtligt v\u00e4lkomna! H\u00f6stens torsdagstr\u00e4ningar finns p\u00e5 tr\u00e4ningssidan \u00bb<\/p>\n","protected":false},"author":2,"featured_media":0,"comment_status":"open","ping_status":"open","sticky":false,"template":"","format":"standard","meta":{"footnotes":""},"categories":[262,1],"tags":[],"class_list":["post-1047","post","type-post","status-publish","format-standard","hentry","category-nyheter","category-okategoriserade"],"_links":{"self":[{"href":"https:\/\/www.ifmarinvast.se\/orientering\/wp-json\/wp\/v2\/posts\/1047","targetHints":{"allow":["GET"]}}],"collection":[{"href":"https:\/\/www.ifmarinvast.se\/orientering\/wp-json\/wp\/v2\/posts"}],"about":[{"href":"https:\/\/www.ifmarinvast.se\/orientering\/wp-json\/wp\/v2\/types\/post"}],"author":[{"embeddable":true,"href":"https:\/\/www.ifmarinvast.se\/orientering\/wp-json\/wp\/v2\/users\/2"}],"replies":[{"embeddable":true,"href":"https:\/\/www.ifmarinvast.se\/orientering\/wp-json\/wp\/v2\/comments?post=1047"}],"version-history":[{"count":1,"href":"https:\/\/www.ifmarinvast.se\/orientering\/wp-json\/wp\/v2\/posts\/1047\/revisions"}],"predecessor-version":[{"id":1855,"href":"https:\/\/www.ifmarinvast.se\/orientering\/wp-json\/wp\/v2\/posts\/1047\/revisions\/1855"}],"wp:attachment":[{"href":"https:\/\/www.ifmarinvast.se\/orientering\/wp-json\/wp\/v2\/media?parent=1047"}],"wp:term":[{"taxonomy":"category","embeddable":true,"href":"https:\/\/www.ifmarinvast.se\/orientering\/wp-json\/wp\/v2\/categories?post=1047"},{"taxonomy":"post_tag","embeddable":true,"href":"https:\/\/www.ifmarinvast.se\/orientering\/wp-json\/wp\/v2\/tags?post=1047"}],"curies":[{"name":"wp","href":"https:\/\/api.w.org\/{rel}","templated":true}]}}