{"id":1046,"date":"2005-08-31T00:00:00","date_gmt":"2005-08-30T22:00:00","guid":{"rendered":"http:\/\/ifmarinvast.se\/2016\/vi-kan-springa-25-manna\/"},"modified":"2015-10-11T14:43:33","modified_gmt":"2015-10-11T12:43:33","slug":"vi-kan-springa-25-manna","status":"publish","type":"post","link":"https:\/\/www.ifmarinvast.se\/orientering\/vi-kan-springa-25-manna\/","title":{"rendered":"Vi kan springa 25-manna!"},"content":{"rendered":"<p><a href='http:\/\/www.25manna.nu' target='_blank'><img src='http:\/\/www.25manna.nu\/grafik\/25manna.jpg' border=0 align='right'><\/a><b>Intresseanm\u00e4lan omg\u00e5ende!!<\/b><br \/>\u00c4r du intresserad av att \u00e5ka med och springa 25-manna stafetten den 8-9 oktober? Vi har f\u00e5tt f\u00f6rfr\u00e5gan fr\u00e5n IFK G\u00f6teborg om att bilda ett kombinationslag eftersom de inte f\u00e5tt ihop till ett fullt andra lag. <b>Str\u00e4ckor f\u00f6r alla &#8211; men framf\u00f6rallt f\u00f6r ungdomar, damer och \u00e4ldre gentlem\u00e4n!<\/b> H\u00f6r av dig senast i helgen om du \u00e4r intresserad s\u00e5 jag kan \u00e5terkomma till dem med ett svar. L\u00e4s mer om t\u00e4vlingen i inbjudan p\u00e5 <a href='http:\/\/www.25manna.nu' target='_blank'>www.25manna.nu<\/a>.<\/p>\n<p>Skicka din intresseanm\u00e4lan till <a href='mailto:maria.dellming@wspgroup.se'>maria.dellming@wspgroup.se<\/a><br \/><b>Skynda, skynda! <\/b> :o)<\/p>\n","protected":false},"excerpt":{"rendered":"<p>Intresseanm\u00e4lan omg\u00e5ende!!\u00c4r du intresserad av att \u00e5ka med och springa 25-manna stafetten den 8-9 oktober? Vi har f\u00e5tt f\u00f6rfr\u00e5gan fr\u00e5n IFK G\u00f6teborg om att bilda ett kombinationslag eftersom de inte [&hellip;]<\/p>\n","protected":false},"author":2,"featured_media":0,"comment_status":"open","ping_status":"open","sticky":false,"template":"","format":"standard","meta":{"footnotes":""},"categories":[262,1],"tags":[],"class_list":["post-1046","post","type-post","status-publish","format-standard","hentry","category-nyheter","category-okategoriserade"],"_links":{"self":[{"href":"https:\/\/www.ifmarinvast.se\/orientering\/wp-json\/wp\/v2\/posts\/1046","targetHints":{"allow":["GET"]}}],"collection":[{"href":"https:\/\/www.ifmarinvast.se\/orientering\/wp-json\/wp\/v2\/posts"}],"about":[{"href":"https:\/\/www.ifmarinvast.se\/orientering\/wp-json\/wp\/v2\/types\/post"}],"author":[{"embeddable":true,"href":"https:\/\/www.ifmarinvast.se\/orientering\/wp-json\/wp\/v2\/users\/2"}],"replies":[{"embeddable":true,"href":"https:\/\/www.ifmarinvast.se\/orientering\/wp-json\/wp\/v2\/comments?post=1046"}],"version-history":[{"count":1,"href":"https:\/\/www.ifmarinvast.se\/orientering\/wp-json\/wp\/v2\/posts\/1046\/revisions"}],"predecessor-version":[{"id":3099,"href":"https:\/\/www.ifmarinvast.se\/orientering\/wp-json\/wp\/v2\/posts\/1046\/revisions\/3099"}],"wp:attachment":[{"href":"https:\/\/www.ifmarinvast.se\/orientering\/wp-json\/wp\/v2\/media?parent=1046"}],"wp:term":[{"taxonomy":"category","embeddable":true,"href":"https:\/\/www.ifmarinvast.se\/orientering\/wp-json\/wp\/v2\/categories?post=1046"},{"taxonomy":"post_tag","embeddable":true,"href":"https:\/\/www.ifmarinvast.se\/orientering\/wp-json\/wp\/v2\/tags?post=1046"}],"curies":[{"name":"wp","href":"https:\/\/api.w.org\/{rel}","templated":true}]}}