{"id":1045,"date":"2005-08-29T00:00:00","date_gmt":"2005-08-28T22:00:00","guid":{"rendered":"http:\/\/ifmarinvast.se\/2016\/grattis-till-dmsegrarna\/"},"modified":"2015-10-11T14:43:33","modified_gmt":"2015-10-11T12:43:33","slug":"grattis-till-dmsegrarna","status":"publish","type":"post","link":"https:\/\/www.ifmarinvast.se\/orientering\/grattis-till-dmsegrarna\/","title":{"rendered":"Grattis till DMsegrarna!"},"content":{"rendered":"<p><a href='http:\/\/www.ifmv.nu\/pic\/dmstafettvinnare05stor.jpg' target='_blank'><img src='http:\/\/www.ifmv.nu\/pic\/dmstafettvinnare05.jpg' border=0><\/a><br \/>De omutliga tjejerna i D14 avslutade helgen med att bli distriktsm\u00e4stare i stafett. Emma G, Clara, Jenny och Hanna utgjorde laget som blev b\u00e4sta D14lag i G\u00f6teborg.<\/p>\n<p>Tidigare under helgen blev Emma distriktsm\u00e4stare p\u00e5 sprintdistansen med Hanna 2 sekunder efter som silvermedalj\u00f6r, och Hanna distriktsm\u00e4stare i medeldistans med Emma som tv\u00e5a 12 sekunder efter.<\/p>\n<p>Ylva kom tv\u00e5 i D16 och Clara 6:a i D14 p\u00e5 sprintDM, och Ylva tog \u00e4nnu en pallplats, brons, p\u00e5 medeldistansen!<\/p>\n<p>Grattis allihop! N\u00e4sta helg \u00e4r det dags f\u00f6r natt- och l\u00e5ngdistansDM. Har n\u00e5gon missat att anm\u00e4la sig, skynda att efteranm\u00e4la!<\/p>\n","protected":false},"excerpt":{"rendered":"<p>De omutliga tjejerna i D14 avslutade helgen med att bli distriktsm\u00e4stare i stafett. Emma G, Clara, Jenny och Hanna utgjorde laget som blev b\u00e4sta D14lag i G\u00f6teborg. Tidigare under helgen [&hellip;]<\/p>\n","protected":false},"author":2,"featured_media":0,"comment_status":"open","ping_status":"open","sticky":false,"template":"","format":"standard","meta":{"footnotes":""},"categories":[262,1],"tags":[],"class_list":["post-1045","post","type-post","status-publish","format-standard","hentry","category-nyheter","category-okategoriserade"],"_links":{"self":[{"href":"https:\/\/www.ifmarinvast.se\/orientering\/wp-json\/wp\/v2\/posts\/1045","targetHints":{"allow":["GET"]}}],"collection":[{"href":"https:\/\/www.ifmarinvast.se\/orientering\/wp-json\/wp\/v2\/posts"}],"about":[{"href":"https:\/\/www.ifmarinvast.se\/orientering\/wp-json\/wp\/v2\/types\/post"}],"author":[{"embeddable":true,"href":"https:\/\/www.ifmarinvast.se\/orientering\/wp-json\/wp\/v2\/users\/2"}],"replies":[{"embeddable":true,"href":"https:\/\/www.ifmarinvast.se\/orientering\/wp-json\/wp\/v2\/comments?post=1045"}],"version-history":[{"count":1,"href":"https:\/\/www.ifmarinvast.se\/orientering\/wp-json\/wp\/v2\/posts\/1045\/revisions"}],"predecessor-version":[{"id":3100,"href":"https:\/\/www.ifmarinvast.se\/orientering\/wp-json\/wp\/v2\/posts\/1045\/revisions\/3100"}],"wp:attachment":[{"href":"https:\/\/www.ifmarinvast.se\/orientering\/wp-json\/wp\/v2\/media?parent=1045"}],"wp:term":[{"taxonomy":"category","embeddable":true,"href":"https:\/\/www.ifmarinvast.se\/orientering\/wp-json\/wp\/v2\/categories?post=1045"},{"taxonomy":"post_tag","embeddable":true,"href":"https:\/\/www.ifmarinvast.se\/orientering\/wp-json\/wp\/v2\/tags?post=1045"}],"curies":[{"name":"wp","href":"https:\/\/api.w.org\/{rel}","templated":true}]}}