{"id":1043,"date":"2005-08-25T00:00:00","date_gmt":"2005-08-24T22:00:00","guid":{"rendered":"http:\/\/ifmarinvast.se\/2016\/943-anmal-dig-till-kansolagret\/"},"modified":"2015-10-11T14:43:33","modified_gmt":"2015-10-11T12:43:33","slug":"943-anmal-dig-till-kansolagret","status":"publish","type":"post","link":"https:\/\/www.ifmarinvast.se\/orientering\/943-anmal-dig-till-kansolagret\/","title":{"rendered":"Anm\u00e4l dig till k\u00e4ns\u00f6l\u00e4gret"},"content":{"rendered":"<p><img src='http:\/\/www.ifmv.nu\/pic\/kanso.jpg'  border=0><\/p>\n<p>\u00c5rets tr\u00e4ningsl\u00e4ger f\u00f6r v\u00e5ra ungdomar genomf\u00f6rs 9-11 september (fredag kv\u00e4ll &#8211; s\u00f6ndag middag). Kostnad f\u00f6r l\u00e4gret \u00e4r 200 kr och d\u00e5 ing\u00e5r alla logi- och matkostnader samt transporten till K\u00e4ns\u00f6. Ytterligare information om bl a tider meddelas de som anm\u00e4lt sig n\u00e5gra dagar f\u00f6re avf\u00e4rd.<\/p>\n<p>Sista anm\u00e4lningsdag \u00e4r l\u00f6rdagen den 27 augusti. Anm\u00e4ler sig g\u00f6r man genom att g\u00e5 in p\u00e5 <a href='http:\/\/www.ifmv.nu\/aktuellt\/lager2005.asp'>l\u00e4gersidan och fylla i detta formul\u00e4r \u00bb<\/a><\/p>\n","protected":false},"excerpt":{"rendered":"<p>\u00c5rets tr\u00e4ningsl\u00e4ger f\u00f6r v\u00e5ra ungdomar genomf\u00f6rs 9-11 september (fredag kv\u00e4ll &#8211; s\u00f6ndag middag). Kostnad f\u00f6r l\u00e4gret \u00e4r 200 kr och d\u00e5 ing\u00e5r alla logi- och matkostnader samt transporten till K\u00e4ns\u00f6. [&hellip;]<\/p>\n","protected":false},"author":2,"featured_media":0,"comment_status":"open","ping_status":"open","sticky":false,"template":"","format":"standard","meta":{"footnotes":""},"categories":[262,1],"tags":[],"class_list":["post-1043","post","type-post","status-publish","format-standard","hentry","category-nyheter","category-okategoriserade"],"_links":{"self":[{"href":"https:\/\/www.ifmarinvast.se\/orientering\/wp-json\/wp\/v2\/posts\/1043","targetHints":{"allow":["GET"]}}],"collection":[{"href":"https:\/\/www.ifmarinvast.se\/orientering\/wp-json\/wp\/v2\/posts"}],"about":[{"href":"https:\/\/www.ifmarinvast.se\/orientering\/wp-json\/wp\/v2\/types\/post"}],"author":[{"embeddable":true,"href":"https:\/\/www.ifmarinvast.se\/orientering\/wp-json\/wp\/v2\/users\/2"}],"replies":[{"embeddable":true,"href":"https:\/\/www.ifmarinvast.se\/orientering\/wp-json\/wp\/v2\/comments?post=1043"}],"version-history":[{"count":1,"href":"https:\/\/www.ifmarinvast.se\/orientering\/wp-json\/wp\/v2\/posts\/1043\/revisions"}],"predecessor-version":[{"id":1854,"href":"https:\/\/www.ifmarinvast.se\/orientering\/wp-json\/wp\/v2\/posts\/1043\/revisions\/1854"}],"wp:attachment":[{"href":"https:\/\/www.ifmarinvast.se\/orientering\/wp-json\/wp\/v2\/media?parent=1043"}],"wp:term":[{"taxonomy":"category","embeddable":true,"href":"https:\/\/www.ifmarinvast.se\/orientering\/wp-json\/wp\/v2\/categories?post=1043"},{"taxonomy":"post_tag","embeddable":true,"href":"https:\/\/www.ifmarinvast.se\/orientering\/wp-json\/wp\/v2\/tags?post=1043"}],"curies":[{"name":"wp","href":"https:\/\/api.w.org\/{rel}","templated":true}]}}