{"id":1042,"date":"2005-08-23T00:00:00","date_gmt":"2005-08-22T22:00:00","guid":{"rendered":"http:\/\/ifmarinvast.se\/2016\/juniortraning-med-gof\/"},"modified":"2015-10-11T14:43:33","modified_gmt":"2015-10-11T12:43:33","slug":"juniortraning-med-gof","status":"publish","type":"post","link":"https:\/\/www.ifmarinvast.se\/orientering\/juniortraning-med-gof\/","title":{"rendered":"Juniortr\u00e4ning med GOF"},"content":{"rendered":"<p>Den 1:a september \u00e4r det juniortr\u00e4ff med tekniktr\u00e4ning och SM-snack f\u00f6r distriktets alla juniorer. <a href='http:\/\/www.orienteringgoteborg.com\/junior\/docs\/Inbj_junitraning_1_sep.doc'>H\u00e4r<\/a> finns inbjudan.<\/p>\n<p>Anm\u00e4lan till Fredrik L\u00f6wegren p\u00e5 <a href='mailto:anders@ifmv.nu'>fredrik.lowegren@telia.com<\/a>, dock senast 28 augusti. Anm\u00e4lan skall inneh\u00e5lla Namn, Klubb och Hemtelefonnummer.<\/p>\n","protected":false},"excerpt":{"rendered":"<p>Den 1:a september \u00e4r det juniortr\u00e4ff med tekniktr\u00e4ning och SM-snack f\u00f6r distriktets alla juniorer. H\u00e4r finns inbjudan. Anm\u00e4lan till Fredrik L\u00f6wegren p\u00e5 fredrik.lowegren@telia.com, dock senast 28 augusti. Anm\u00e4lan skall inneh\u00e5lla [&hellip;]<\/p>\n","protected":false},"author":2,"featured_media":0,"comment_status":"open","ping_status":"open","sticky":false,"template":"","format":"standard","meta":{"footnotes":""},"categories":[262,1],"tags":[],"class_list":["post-1042","post","type-post","status-publish","format-standard","hentry","category-nyheter","category-okategoriserade"],"_links":{"self":[{"href":"https:\/\/www.ifmarinvast.se\/orientering\/wp-json\/wp\/v2\/posts\/1042","targetHints":{"allow":["GET"]}}],"collection":[{"href":"https:\/\/www.ifmarinvast.se\/orientering\/wp-json\/wp\/v2\/posts"}],"about":[{"href":"https:\/\/www.ifmarinvast.se\/orientering\/wp-json\/wp\/v2\/types\/post"}],"author":[{"embeddable":true,"href":"https:\/\/www.ifmarinvast.se\/orientering\/wp-json\/wp\/v2\/users\/2"}],"replies":[{"embeddable":true,"href":"https:\/\/www.ifmarinvast.se\/orientering\/wp-json\/wp\/v2\/comments?post=1042"}],"version-history":[{"count":1,"href":"https:\/\/www.ifmarinvast.se\/orientering\/wp-json\/wp\/v2\/posts\/1042\/revisions"}],"predecessor-version":[{"id":3101,"href":"https:\/\/www.ifmarinvast.se\/orientering\/wp-json\/wp\/v2\/posts\/1042\/revisions\/3101"}],"wp:attachment":[{"href":"https:\/\/www.ifmarinvast.se\/orientering\/wp-json\/wp\/v2\/media?parent=1042"}],"wp:term":[{"taxonomy":"category","embeddable":true,"href":"https:\/\/www.ifmarinvast.se\/orientering\/wp-json\/wp\/v2\/categories?post=1042"},{"taxonomy":"post_tag","embeddable":true,"href":"https:\/\/www.ifmarinvast.se\/orientering\/wp-json\/wp\/v2\/tags?post=1042"}],"curies":[{"name":"wp","href":"https:\/\/api.w.org\/{rel}","templated":true}]}}