{"id":1040,"date":"2005-08-22T00:00:00","date_gmt":"2005-08-21T22:00:00","guid":{"rendered":"http:\/\/ifmarinvast.se\/2016\/hostens-stadschema\/"},"modified":"2015-10-11T14:43:33","modified_gmt":"2015-10-11T12:43:33","slug":"hostens-stadschema","status":"publish","type":"post","link":"https:\/\/www.ifmarinvast.se\/orientering\/hostens-stadschema\/","title":{"rendered":"H\u00f6stens st\u00e4dschema"},"content":{"rendered":"<p><img src='http:\/\/www.ifmv.nu\/pic\/mopp.jpg' align='right' border=0>Nu finns h\u00f6stens st\u00e4dschema h\u00e4r p\u00e5 hemsidan. Under <a href='http:\/\/ifmv.nu\/stadschema\/'>st\u00e4dschema<\/a> i menyn till v\u00e4nster finns alla tillf\u00e4llen inlagda.<\/p>\n<p>St\u00e4dgeneralerna l\u00e5ter vidare h\u00e4lsa:<br \/>&#8217;Som vanligt har vi f\u00f6rs\u00f6kt g\u00f6ra en s\u00e5 r\u00e4ttvis f\u00f6rdelning som m\u00f6jligt med beaktande av tidigare \u00e5r schema ocks\u00e5. Vi har \u00e4ven f\u00f6rs\u00f6kt ta h\u00e4nsyn till de personliga \u00f6nskem\u00e5l som vi f\u00e5tt besked om. Om n\u00e5got trots allt inte skulle passa s\u00e5 f\u00f6rs\u00f6k i f\u00f6rsta hand sj\u00e4lva fixa till ett byte med n\u00e5gon.&#8217;<\/p>\n","protected":false},"excerpt":{"rendered":"<p>Nu finns h\u00f6stens st\u00e4dschema h\u00e4r p\u00e5 hemsidan. Under st\u00e4dschema i menyn till v\u00e4nster finns alla tillf\u00e4llen inlagda. St\u00e4dgeneralerna l\u00e5ter vidare h\u00e4lsa:&#8217;Som vanligt har vi f\u00f6rs\u00f6kt g\u00f6ra en s\u00e5 r\u00e4ttvis f\u00f6rdelning [&hellip;]<\/p>\n","protected":false},"author":2,"featured_media":0,"comment_status":"open","ping_status":"open","sticky":false,"template":"","format":"standard","meta":{"footnotes":""},"categories":[262,1],"tags":[],"class_list":["post-1040","post","type-post","status-publish","format-standard","hentry","category-nyheter","category-okategoriserade"],"_links":{"self":[{"href":"https:\/\/www.ifmarinvast.se\/orientering\/wp-json\/wp\/v2\/posts\/1040","targetHints":{"allow":["GET"]}}],"collection":[{"href":"https:\/\/www.ifmarinvast.se\/orientering\/wp-json\/wp\/v2\/posts"}],"about":[{"href":"https:\/\/www.ifmarinvast.se\/orientering\/wp-json\/wp\/v2\/types\/post"}],"author":[{"embeddable":true,"href":"https:\/\/www.ifmarinvast.se\/orientering\/wp-json\/wp\/v2\/users\/2"}],"replies":[{"embeddable":true,"href":"https:\/\/www.ifmarinvast.se\/orientering\/wp-json\/wp\/v2\/comments?post=1040"}],"version-history":[{"count":1,"href":"https:\/\/www.ifmarinvast.se\/orientering\/wp-json\/wp\/v2\/posts\/1040\/revisions"}],"predecessor-version":[{"id":1853,"href":"https:\/\/www.ifmarinvast.se\/orientering\/wp-json\/wp\/v2\/posts\/1040\/revisions\/1853"}],"wp:attachment":[{"href":"https:\/\/www.ifmarinvast.se\/orientering\/wp-json\/wp\/v2\/media?parent=1040"}],"wp:term":[{"taxonomy":"category","embeddable":true,"href":"https:\/\/www.ifmarinvast.se\/orientering\/wp-json\/wp\/v2\/categories?post=1040"},{"taxonomy":"post_tag","embeddable":true,"href":"https:\/\/www.ifmarinvast.se\/orientering\/wp-json\/wp\/v2\/tags?post=1040"}],"curies":[{"name":"wp","href":"https:\/\/api.w.org\/{rel}","templated":true}]}}