{"id":1039,"date":"2005-08-21T00:00:00","date_gmt":"2005-08-20T22:00:00","guid":{"rendered":"http:\/\/ifmarinvast.se\/2016\/anmalan-till-dm\/"},"modified":"2015-10-11T14:43:33","modified_gmt":"2015-10-11T12:43:33","slug":"anmalan-till-dm","status":"publish","type":"post","link":"https:\/\/www.ifmarinvast.se\/orientering\/anmalan-till-dm\/","title":{"rendered":"Anm\u00e4lan till DM"},"content":{"rendered":"<p>Anm\u00e4lningsl\u00e4nken till DM L\u00e5ngdistans (det som f\u00f6rut hette Klassisk distans) via v\u00e5r t\u00e4vlingskalender har inte fungerat tidigare. Detta \u00e4r nu fixat, och dessutom g\u00e4ller att <b>ordinarie anm\u00e4lan kan g\u00f6ras senast 22 augusti<\/b>, inte bara till ig\u00e5r som det stod tidigare.<\/p>\n<p><a href='http:\/\/www.ifmv.nu\/tavling\/index.asp?id=1080'>Skynda att anm\u00e4la er till DM!!>><\/a><\/p>\n","protected":false},"excerpt":{"rendered":"<p>Anm\u00e4lningsl\u00e4nken till DM L\u00e5ngdistans (det som f\u00f6rut hette Klassisk distans) via v\u00e5r t\u00e4vlingskalender har inte fungerat tidigare. Detta \u00e4r nu fixat, och dessutom g\u00e4ller att ordinarie anm\u00e4lan kan g\u00f6ras senast [&hellip;]<\/p>\n","protected":false},"author":2,"featured_media":0,"comment_status":"open","ping_status":"open","sticky":false,"template":"","format":"standard","meta":{"footnotes":""},"categories":[262,1],"tags":[],"class_list":["post-1039","post","type-post","status-publish","format-standard","hentry","category-nyheter","category-okategoriserade"],"_links":{"self":[{"href":"https:\/\/www.ifmarinvast.se\/orientering\/wp-json\/wp\/v2\/posts\/1039","targetHints":{"allow":["GET"]}}],"collection":[{"href":"https:\/\/www.ifmarinvast.se\/orientering\/wp-json\/wp\/v2\/posts"}],"about":[{"href":"https:\/\/www.ifmarinvast.se\/orientering\/wp-json\/wp\/v2\/types\/post"}],"author":[{"embeddable":true,"href":"https:\/\/www.ifmarinvast.se\/orientering\/wp-json\/wp\/v2\/users\/2"}],"replies":[{"embeddable":true,"href":"https:\/\/www.ifmarinvast.se\/orientering\/wp-json\/wp\/v2\/comments?post=1039"}],"version-history":[{"count":1,"href":"https:\/\/www.ifmarinvast.se\/orientering\/wp-json\/wp\/v2\/posts\/1039\/revisions"}],"predecessor-version":[{"id":1852,"href":"https:\/\/www.ifmarinvast.se\/orientering\/wp-json\/wp\/v2\/posts\/1039\/revisions\/1852"}],"wp:attachment":[{"href":"https:\/\/www.ifmarinvast.se\/orientering\/wp-json\/wp\/v2\/media?parent=1039"}],"wp:term":[{"taxonomy":"category","embeddable":true,"href":"https:\/\/www.ifmarinvast.se\/orientering\/wp-json\/wp\/v2\/categories?post=1039"},{"taxonomy":"post_tag","embeddable":true,"href":"https:\/\/www.ifmarinvast.se\/orientering\/wp-json\/wp\/v2\/tags?post=1039"}],"curies":[{"name":"wp","href":"https:\/\/api.w.org\/{rel}","templated":true}]}}