{"id":1035,"date":"2005-08-11T00:00:00","date_gmt":"2005-08-10T22:00:00","guid":{"rendered":"http:\/\/ifmarinvast.se\/2016\/prova-pa-ol-skytte\/"},"modified":"2015-10-11T14:43:33","modified_gmt":"2015-10-11T12:43:33","slug":"prova-pa-ol-skytte","status":"publish","type":"post","link":"https:\/\/www.ifmarinvast.se\/orientering\/prova-pa-ol-skytte\/","title":{"rendered":"Prova p\u00e5 OL-skytte"},"content":{"rendered":"<p>P\u00e5 onsdag erbjuds distriktets juniorer att komma och prova p\u00e5 OL-skytte. Detta sker onsdagen den 17 aug kl 18.00. Plats: H\u00f6gsbo skjutbana. Anm\u00e4lan till Anders J.<\/p>\n","protected":false},"excerpt":{"rendered":"<p>P\u00e5 onsdag erbjuds distriktets juniorer att komma och prova p\u00e5 OL-skytte. Detta sker onsdagen den 17 aug kl 18.00. Plats: H\u00f6gsbo skjutbana. Anm\u00e4lan till Anders J.<\/p>\n","protected":false},"author":2,"featured_media":0,"comment_status":"open","ping_status":"open","sticky":false,"template":"","format":"standard","meta":{"footnotes":""},"categories":[262,1],"tags":[],"class_list":["post-1035","post","type-post","status-publish","format-standard","hentry","category-nyheter","category-okategoriserade"],"_links":{"self":[{"href":"https:\/\/www.ifmarinvast.se\/orientering\/wp-json\/wp\/v2\/posts\/1035","targetHints":{"allow":["GET"]}}],"collection":[{"href":"https:\/\/www.ifmarinvast.se\/orientering\/wp-json\/wp\/v2\/posts"}],"about":[{"href":"https:\/\/www.ifmarinvast.se\/orientering\/wp-json\/wp\/v2\/types\/post"}],"author":[{"embeddable":true,"href":"https:\/\/www.ifmarinvast.se\/orientering\/wp-json\/wp\/v2\/users\/2"}],"replies":[{"embeddable":true,"href":"https:\/\/www.ifmarinvast.se\/orientering\/wp-json\/wp\/v2\/comments?post=1035"}],"version-history":[{"count":1,"href":"https:\/\/www.ifmarinvast.se\/orientering\/wp-json\/wp\/v2\/posts\/1035\/revisions"}],"predecessor-version":[{"id":1851,"href":"https:\/\/www.ifmarinvast.se\/orientering\/wp-json\/wp\/v2\/posts\/1035\/revisions\/1851"}],"wp:attachment":[{"href":"https:\/\/www.ifmarinvast.se\/orientering\/wp-json\/wp\/v2\/media?parent=1035"}],"wp:term":[{"taxonomy":"category","embeddable":true,"href":"https:\/\/www.ifmarinvast.se\/orientering\/wp-json\/wp\/v2\/categories?post=1035"},{"taxonomy":"post_tag","embeddable":true,"href":"https:\/\/www.ifmarinvast.se\/orientering\/wp-json\/wp\/v2\/tags?post=1035"}],"curies":[{"name":"wp","href":"https:\/\/api.w.org\/{rel}","templated":true}]}}