{"id":1032,"date":"2005-08-07T00:00:00","date_gmt":"2005-08-06T22:00:00","guid":{"rendered":"http:\/\/ifmarinvast.se\/2016\/hostens-ungdomslager\/"},"modified":"2015-10-11T14:43:34","modified_gmt":"2015-10-11T12:43:34","slug":"hostens-ungdomslager","status":"publish","type":"post","link":"https:\/\/www.ifmarinvast.se\/orientering\/hostens-ungdomslager\/","title":{"rendered":"H\u00f6stens ungdomsl\u00e4ger"},"content":{"rendered":"<p>Precis som vanligt kommer klubben att h\u00e5lla orienteringsl\u00e4ger f\u00f6r alla ungdomar i b\u00f6rjan av h\u00f6stterminen. L\u00e4gret blir i \u00e5r<\/p>\n<p><b>fre 9 &#8211; s\u00f6n 11 september<\/b><\/p>\n<p>allts\u00e5 efter DM-t\u00e4vlingarna. Vi r\u00e4knar med att kunna vara p\u00e5 <b>K\u00e4ns\u00f6<\/b> tillsammans med handikappsektionen. Boka in den h\u00e4r helgen redan nu, alla ungdomsl\u00f6pare, det blir alltid superkul!<\/p>\n","protected":false},"excerpt":{"rendered":"<p>Precis som vanligt kommer klubben att h\u00e5lla orienteringsl\u00e4ger f\u00f6r alla ungdomar i b\u00f6rjan av h\u00f6stterminen. L\u00e4gret blir i \u00e5r fre 9 &#8211; s\u00f6n 11 september allts\u00e5 efter DM-t\u00e4vlingarna. Vi r\u00e4knar [&hellip;]<\/p>\n","protected":false},"author":2,"featured_media":0,"comment_status":"open","ping_status":"open","sticky":false,"template":"","format":"standard","meta":{"footnotes":""},"categories":[262,1],"tags":[],"class_list":["post-1032","post","type-post","status-publish","format-standard","hentry","category-nyheter","category-okategoriserade"],"_links":{"self":[{"href":"https:\/\/www.ifmarinvast.se\/orientering\/wp-json\/wp\/v2\/posts\/1032","targetHints":{"allow":["GET"]}}],"collection":[{"href":"https:\/\/www.ifmarinvast.se\/orientering\/wp-json\/wp\/v2\/posts"}],"about":[{"href":"https:\/\/www.ifmarinvast.se\/orientering\/wp-json\/wp\/v2\/types\/post"}],"author":[{"embeddable":true,"href":"https:\/\/www.ifmarinvast.se\/orientering\/wp-json\/wp\/v2\/users\/2"}],"replies":[{"embeddable":true,"href":"https:\/\/www.ifmarinvast.se\/orientering\/wp-json\/wp\/v2\/comments?post=1032"}],"version-history":[{"count":1,"href":"https:\/\/www.ifmarinvast.se\/orientering\/wp-json\/wp\/v2\/posts\/1032\/revisions"}],"predecessor-version":[{"id":1850,"href":"https:\/\/www.ifmarinvast.se\/orientering\/wp-json\/wp\/v2\/posts\/1032\/revisions\/1850"}],"wp:attachment":[{"href":"https:\/\/www.ifmarinvast.se\/orientering\/wp-json\/wp\/v2\/media?parent=1032"}],"wp:term":[{"taxonomy":"category","embeddable":true,"href":"https:\/\/www.ifmarinvast.se\/orientering\/wp-json\/wp\/v2\/categories?post=1032"},{"taxonomy":"post_tag","embeddable":true,"href":"https:\/\/www.ifmarinvast.se\/orientering\/wp-json\/wp\/v2\/tags?post=1032"}],"curies":[{"name":"wp","href":"https:\/\/api.w.org\/{rel}","templated":true}]}}