{"id":1028,"date":"2005-07-25T00:00:00","date_gmt":"2005-07-24T22:00:00","guid":{"rendered":"http:\/\/ifmarinvast.se\/2016\/film-fran-prisutdelningen\/"},"modified":"2015-10-11T14:43:34","modified_gmt":"2015-10-11T12:43:34","slug":"film-fran-prisutdelningen","status":"publish","type":"post","link":"https:\/\/www.ifmarinvast.se\/orientering\/film-fran-prisutdelningen\/","title":{"rendered":"Film fr\u00e5n prisutdelningen"},"content":{"rendered":"<p><a href='http:\/\/www.longitud.net\/ifmv\/album\/album\/arkiv\/max_0002.wmv'>H\u00e4r<\/a>  finns en film fr\u00e5n prisutdelningen efter att Max vunnit U4 p\u00e5 O-ringens andra etapp.<\/p>\n","protected":false},"excerpt":{"rendered":"<p>H\u00e4r finns en film fr\u00e5n prisutdelningen efter att Max vunnit U4 p\u00e5 O-ringens andra etapp.<\/p>\n","protected":false},"author":2,"featured_media":0,"comment_status":"open","ping_status":"open","sticky":false,"template":"","format":"standard","meta":{"footnotes":""},"categories":[262,1],"tags":[],"class_list":["post-1028","post","type-post","status-publish","format-standard","hentry","category-nyheter","category-okategoriserade"],"_links":{"self":[{"href":"https:\/\/www.ifmarinvast.se\/orientering\/wp-json\/wp\/v2\/posts\/1028","targetHints":{"allow":["GET"]}}],"collection":[{"href":"https:\/\/www.ifmarinvast.se\/orientering\/wp-json\/wp\/v2\/posts"}],"about":[{"href":"https:\/\/www.ifmarinvast.se\/orientering\/wp-json\/wp\/v2\/types\/post"}],"author":[{"embeddable":true,"href":"https:\/\/www.ifmarinvast.se\/orientering\/wp-json\/wp\/v2\/users\/2"}],"replies":[{"embeddable":true,"href":"https:\/\/www.ifmarinvast.se\/orientering\/wp-json\/wp\/v2\/comments?post=1028"}],"version-history":[{"count":1,"href":"https:\/\/www.ifmarinvast.se\/orientering\/wp-json\/wp\/v2\/posts\/1028\/revisions"}],"predecessor-version":[{"id":1847,"href":"https:\/\/www.ifmarinvast.se\/orientering\/wp-json\/wp\/v2\/posts\/1028\/revisions\/1847"}],"wp:attachment":[{"href":"https:\/\/www.ifmarinvast.se\/orientering\/wp-json\/wp\/v2\/media?parent=1028"}],"wp:term":[{"taxonomy":"category","embeddable":true,"href":"https:\/\/www.ifmarinvast.se\/orientering\/wp-json\/wp\/v2\/categories?post=1028"},{"taxonomy":"post_tag","embeddable":true,"href":"https:\/\/www.ifmarinvast.se\/orientering\/wp-json\/wp\/v2\/tags?post=1028"}],"curies":[{"name":"wp","href":"https:\/\/api.w.org\/{rel}","templated":true}]}}