{"id":1021,"date":"2005-07-04T00:00:00","date_gmt":"2005-07-03T22:00:00","guid":{"rendered":"http:\/\/ifmarinvast.se\/2016\/sommarens-ol-resa\/"},"modified":"2015-10-11T14:43:48","modified_gmt":"2015-10-11T12:43:48","slug":"sommarens-ol-resa","status":"publish","type":"post","link":"https:\/\/www.ifmarinvast.se\/orientering\/sommarens-ol-resa\/","title":{"rendered":"Sommarens OL-resa!"},"content":{"rendered":"<p><a href='http:\/\/www.ifmv.nu\/OLsommar2005\/karta.png' target='_blank'><img src='http:\/\/www.ifmv.nu\/OLsommar2005\/kartaliten.png' align='right' border=0><\/a>P\u00e5 fredag startar \u00e5rets OL-resa! Vi sticker fr\u00e5n G\u00f6teborg vid lunch f\u00f6r att \u00e5ka ner till Hallands 3-dagars. Orientering fredag, l\u00f6rdag och s\u00f6ndag vid Halmstad. P\u00e5 m\u00e5ndag \u00e5ker vi vidare till \u00d6landssprinten som startar 18.00 p\u00e5 m\u00e5ndagkv\u00e4llen. P\u00e5 tisdag k\u00f6r vi till Tjust 2-dagars i V\u00e4stervik som vi springer tisdag 15.00 och onsdag 11.00. Sedan \u00e5ker vi v\u00e4sterut, genom O-Ringenskogarna tillbaka till G\u00f6teborg p\u00e5 onsdag kv\u00e4ll. Efter tv\u00e5 dagars vila b\u00e4r det av till O-Ringen!<\/p>\n<p>Om du vill h\u00e4nga med g\u00e5r det nog att ordna. Vi kommer att bo i t\u00e4lt, k\u00f6ra bil och orientera mest hela tiden. Det finns eventuellt n\u00e5gra platser i bilen om du inte har egen bil.<\/p>\n<p>F\u00f6r alla som vill vila sig i form till O-Ringen ist\u00e4llet f\u00f6r att \u00e5ka Sverige runt kommer vi att f\u00f6rs\u00f6ka rapportera direkt fr\u00e5n v\u00e5r lilla rundtur p\u00e5 www.<\/p>\n<p><a href='http:\/\/www.ifmv.nu\/OLsommar2005\/karta.png' target='_blank'>H\u00e4r finns rutten \u00bb<\/a><\/p>\n<p>H\u00f6r av dig till Klas eller Anders om du vill \u00e5ka med!<\/p>\n","protected":false},"excerpt":{"rendered":"<p>P\u00e5 fredag startar \u00e5rets OL-resa! Vi sticker fr\u00e5n G\u00f6teborg vid lunch f\u00f6r att \u00e5ka ner till Hallands 3-dagars. Orientering fredag, l\u00f6rdag och s\u00f6ndag vid Halmstad. P\u00e5 m\u00e5ndag \u00e5ker vi vidare [&hellip;]<\/p>\n","protected":false},"author":2,"featured_media":0,"comment_status":"open","ping_status":"open","sticky":false,"template":"","format":"standard","meta":{"footnotes":""},"categories":[262,1],"tags":[],"class_list":["post-1021","post","type-post","status-publish","format-standard","hentry","category-nyheter","category-okategoriserade"],"_links":{"self":[{"href":"https:\/\/www.ifmarinvast.se\/orientering\/wp-json\/wp\/v2\/posts\/1021","targetHints":{"allow":["GET"]}}],"collection":[{"href":"https:\/\/www.ifmarinvast.se\/orientering\/wp-json\/wp\/v2\/posts"}],"about":[{"href":"https:\/\/www.ifmarinvast.se\/orientering\/wp-json\/wp\/v2\/types\/post"}],"author":[{"embeddable":true,"href":"https:\/\/www.ifmarinvast.se\/orientering\/wp-json\/wp\/v2\/users\/2"}],"replies":[{"embeddable":true,"href":"https:\/\/www.ifmarinvast.se\/orientering\/wp-json\/wp\/v2\/comments?post=1021"}],"version-history":[{"count":1,"href":"https:\/\/www.ifmarinvast.se\/orientering\/wp-json\/wp\/v2\/posts\/1021\/revisions"}],"predecessor-version":[{"id":3105,"href":"https:\/\/www.ifmarinvast.se\/orientering\/wp-json\/wp\/v2\/posts\/1021\/revisions\/3105"}],"wp:attachment":[{"href":"https:\/\/www.ifmarinvast.se\/orientering\/wp-json\/wp\/v2\/media?parent=1021"}],"wp:term":[{"taxonomy":"category","embeddable":true,"href":"https:\/\/www.ifmarinvast.se\/orientering\/wp-json\/wp\/v2\/categories?post=1021"},{"taxonomy":"post_tag","embeddable":true,"href":"https:\/\/www.ifmarinvast.se\/orientering\/wp-json\/wp\/v2\/tags?post=1021"}],"curies":[{"name":"wp","href":"https:\/\/api.w.org\/{rel}","templated":true}]}}