{"id":1015,"date":"2005-06-10T00:00:00","date_gmt":"2005-06-09T22:00:00","guid":{"rendered":"http:\/\/ifmarinvast.se\/2016\/usm-lager\/"},"modified":"2015-10-11T14:43:48","modified_gmt":"2015-10-11T12:43:48","slug":"usm-lager","status":"publish","type":"post","link":"https:\/\/www.ifmarinvast.se\/orientering\/usm-lager\/","title":{"rendered":"USM-l\u00e4ger"},"content":{"rendered":"<p>citerar GOFs ungdomskommitt\u00e9:<br \/>&#8217;\u00d6PPEN INBJUDAN till alla 15 och 16 \u00e5ringar som skulle vilja vara med p\u00e5 USM-l\u00e4gret 7-10 augusti. Direkt efter G\u00f6talandsm\u00e4sterskapen, som g\u00e5r 6-7 augusti, kommer vi att \u00e5ka buss till l\u00e4gret tillsammans med Hallands distrikt. Det kommer att g\u00e5 i trakten kring Borensberg och resan kommer att kosta runt 1500 kronor.<\/p>\n<p>Laila H\u00f6glund kommer att vara huvudsansvarig och till sin hj\u00e4lp har hon tre uppf\u00f6ljare. D\u00e5 vi v\u00e4ldigt sent f\u00e5tt klart med l\u00e4ger ledare och bussresan m\u00e5ste vi ha ett svar omg\u00e5ende, dock senast fredagen den 3 juni. Skulle vi f\u00e5 ett f\u00f6r stort intresse till l\u00e4gret, s\u00e5 m\u00e5ste vi g\u00f6ra en gallring d\u00e4r vi g\u00e5r p\u00e5 resultaten i \u00e5r. Vi hoppas dock att de plaster vi f\u00e5tt skall r\u00e4cka till alla som vill och kan f\u00f6lja med p\u00e5 detta l\u00e4ger.<\/p>\n<p>Anm\u00e4lan g\u00f6rs till respektive klassuppf\u00f6ljare.<\/p>\n<p>H\u00e4lsningar Marina &#8217;<\/p>\n","protected":false},"excerpt":{"rendered":"<p>citerar GOFs ungdomskommitt\u00e9:&#8217;\u00d6PPEN INBJUDAN till alla 15 och 16 \u00e5ringar som skulle vilja vara med p\u00e5 USM-l\u00e4gret 7-10 augusti. Direkt efter G\u00f6talandsm\u00e4sterskapen, som g\u00e5r 6-7 augusti, kommer vi att \u00e5ka [&hellip;]<\/p>\n","protected":false},"author":2,"featured_media":0,"comment_status":"open","ping_status":"open","sticky":false,"template":"","format":"standard","meta":{"footnotes":""},"categories":[262,1],"tags":[],"class_list":["post-1015","post","type-post","status-publish","format-standard","hentry","category-nyheter","category-okategoriserade"],"_links":{"self":[{"href":"https:\/\/www.ifmarinvast.se\/orientering\/wp-json\/wp\/v2\/posts\/1015","targetHints":{"allow":["GET"]}}],"collection":[{"href":"https:\/\/www.ifmarinvast.se\/orientering\/wp-json\/wp\/v2\/posts"}],"about":[{"href":"https:\/\/www.ifmarinvast.se\/orientering\/wp-json\/wp\/v2\/types\/post"}],"author":[{"embeddable":true,"href":"https:\/\/www.ifmarinvast.se\/orientering\/wp-json\/wp\/v2\/users\/2"}],"replies":[{"embeddable":true,"href":"https:\/\/www.ifmarinvast.se\/orientering\/wp-json\/wp\/v2\/comments?post=1015"}],"version-history":[{"count":1,"href":"https:\/\/www.ifmarinvast.se\/orientering\/wp-json\/wp\/v2\/posts\/1015\/revisions"}],"predecessor-version":[{"id":3108,"href":"https:\/\/www.ifmarinvast.se\/orientering\/wp-json\/wp\/v2\/posts\/1015\/revisions\/3108"}],"wp:attachment":[{"href":"https:\/\/www.ifmarinvast.se\/orientering\/wp-json\/wp\/v2\/media?parent=1015"}],"wp:term":[{"taxonomy":"category","embeddable":true,"href":"https:\/\/www.ifmarinvast.se\/orientering\/wp-json\/wp\/v2\/categories?post=1015"},{"taxonomy":"post_tag","embeddable":true,"href":"https:\/\/www.ifmarinvast.se\/orientering\/wp-json\/wp\/v2\/tags?post=1015"}],"curies":[{"name":"wp","href":"https:\/\/api.w.org\/{rel}","templated":true}]}}