{"id":1010,"date":"2005-05-30T00:00:00","date_gmt":"2005-05-29T22:00:00","guid":{"rendered":"http:\/\/ifmarinvast.se\/2016\/u10-mila-29-31-juli\/"},"modified":"2015-10-11T14:43:49","modified_gmt":"2015-10-11T12:43:49","slug":"u10-mila-29-31-juli","status":"publish","type":"post","link":"https:\/\/www.ifmarinvast.se\/orientering\/u10-mila-29-31-juli\/","title":{"rendered":"U10-mila 29-31 juli"},"content":{"rendered":"<p>Nu b\u00f6rjar vi n\u00e4rma oss sommarens stora begivenhet f\u00f6r ungdomar\/juniorer, Ungdomens 10-mila utanf\u00f6r Sk\u00f6vde. <\/p>\n<p>Tillsammans med GMOK har vi anm\u00e4lt ett D-18 lag. Avresa fr\u00e5n G\u00f6teborg\/v\u00e4stkusten fredag eftermiddag 29 juli och hemkomst s\u00f6ndag 31 juli. Vi kommer att bo tillsammans med GMOK i milit\u00e4rt\u00e4lt vid TC.<\/p>\n<p>Jag skulle beh\u00f6va intresseanm\u00e4lan fr\u00e5n er som vill vara med s\u00e5 snart som m\u00f6jligt.<\/p>\n<p><a href='http:\/\/www.ifhagen.com\/ol\/arrangemang\/u10mila\/default.asp'>Info om U10-mila och det sk Skaraborgspaketet<\/a><\/p>\n<p><a href='mailto:hans@ifmv.nu'>Intresseanm\u00e4lan och fr\u00e5gor<\/a><\/p>\n","protected":false},"excerpt":{"rendered":"<p>Nu b\u00f6rjar vi n\u00e4rma oss sommarens stora begivenhet f\u00f6r ungdomar\/juniorer, Ungdomens 10-mila utanf\u00f6r Sk\u00f6vde. Tillsammans med GMOK har vi anm\u00e4lt ett D-18 lag. Avresa fr\u00e5n G\u00f6teborg\/v\u00e4stkusten fredag eftermiddag 29 juli [&hellip;]<\/p>\n","protected":false},"author":2,"featured_media":0,"comment_status":"open","ping_status":"open","sticky":false,"template":"","format":"standard","meta":{"footnotes":""},"categories":[262,1],"tags":[],"class_list":["post-1010","post","type-post","status-publish","format-standard","hentry","category-nyheter","category-okategoriserade"],"_links":{"self":[{"href":"https:\/\/www.ifmarinvast.se\/orientering\/wp-json\/wp\/v2\/posts\/1010","targetHints":{"allow":["GET"]}}],"collection":[{"href":"https:\/\/www.ifmarinvast.se\/orientering\/wp-json\/wp\/v2\/posts"}],"about":[{"href":"https:\/\/www.ifmarinvast.se\/orientering\/wp-json\/wp\/v2\/types\/post"}],"author":[{"embeddable":true,"href":"https:\/\/www.ifmarinvast.se\/orientering\/wp-json\/wp\/v2\/users\/2"}],"replies":[{"embeddable":true,"href":"https:\/\/www.ifmarinvast.se\/orientering\/wp-json\/wp\/v2\/comments?post=1010"}],"version-history":[{"count":1,"href":"https:\/\/www.ifmarinvast.se\/orientering\/wp-json\/wp\/v2\/posts\/1010\/revisions"}],"predecessor-version":[{"id":1840,"href":"https:\/\/www.ifmarinvast.se\/orientering\/wp-json\/wp\/v2\/posts\/1010\/revisions\/1840"}],"wp:attachment":[{"href":"https:\/\/www.ifmarinvast.se\/orientering\/wp-json\/wp\/v2\/media?parent=1010"}],"wp:term":[{"taxonomy":"category","embeddable":true,"href":"https:\/\/www.ifmarinvast.se\/orientering\/wp-json\/wp\/v2\/categories?post=1010"},{"taxonomy":"post_tag","embeddable":true,"href":"https:\/\/www.ifmarinvast.se\/orientering\/wp-json\/wp\/v2\/tags?post=1010"}],"curies":[{"name":"wp","href":"https:\/\/api.w.org\/{rel}","templated":true}]}}