{"id":101,"date":"2013-07-20T22:41:25","date_gmt":"2013-07-20T20:41:25","guid":{"rendered":"https:\/\/ifmvorientering.wordpress.com\/?p=101"},"modified":"2015-10-11T14:12:12","modified_gmt":"2015-10-11T12:12:12","slug":"lite-bilder-fran-utflykten-till-gammelby","status":"publish","type":"post","link":"https:\/\/www.ifmarinvast.se\/orientering\/lite-bilder-fran-utflykten-till-gammelby\/","title":{"rendered":"Lite bilder fr\u00e5n utflykten till Gammelstad"},"content":{"rendered":"<p><a href=\"http:\/\/ifmvorientering.files.wordpress.com\/2013\/07\/bild-1.jpg\"><img loading=\"lazy\" decoding=\"async\" class=\"alignnone size-full wp-image-107\" alt=\"bild (1)\" src=\"http:\/\/ifmvorientering.files.wordpress.com\/2013\/07\/bild-1.jpg\" width=\"388\" height=\"257\" srcset=\"https:\/\/www.ifmarinvast.se\/orientering\/wp-content\/uploads\/2013\/07\/bild-1.jpg 3008w, https:\/\/www.ifmarinvast.se\/orientering\/wp-content\/uploads\/2013\/07\/bild-1-300x199.jpg 300w, https:\/\/www.ifmarinvast.se\/orientering\/wp-content\/uploads\/2013\/07\/bild-1-1024x681.jpg 1024w\" sizes=\"auto, (max-width: 388px) 100vw, 388px\" \/><br \/><\/a>Karin, Linda och Klas poserar f\u00f6r fotografen samt g\u00f6r sig redo f\u00f6r att \u00e5ka buss.<\/p>\n<p><a href=\"http:\/\/ifmvorientering.files.wordpress.com\/2013\/07\/bild-2.jpg\"><img loading=\"lazy\" decoding=\"async\" class=\"alignnone size-full wp-image-108\" alt=\"bild (2)\" src=\"http:\/\/ifmvorientering.files.wordpress.com\/2013\/07\/bild-2.jpg\" width=\"388\" height=\"257\" srcset=\"https:\/\/www.ifmarinvast.se\/orientering\/wp-content\/uploads\/2013\/07\/bild-2.jpg 3008w, https:\/\/www.ifmarinvast.se\/orientering\/wp-content\/uploads\/2013\/07\/bild-2-300x199.jpg 300w, https:\/\/www.ifmarinvast.se\/orientering\/wp-content\/uploads\/2013\/07\/bild-2-1024x681.jpg 1024w\" sizes=\"auto, (max-width: 388px) 100vw, 388px\" \/><br \/> <\/a>Kyrkan i bakgrunden. Promenad bland de fantastiska kyrkstugorna som tillsammans med pyramiderna finns p\u00e5 UNESCOs lista \u00f6ver V\u00e4rldsarv.<\/p>\n<p><a href=\"http:\/\/ifmvorientering.files.wordpress.com\/2013\/07\/bild-3.jpg\"><img loading=\"lazy\" decoding=\"async\" class=\"alignnone size-full wp-image-109\" alt=\"bild (3)\" src=\"http:\/\/ifmvorientering.files.wordpress.com\/2013\/07\/bild-3.jpg\" width=\"388\" height=\"257\" srcset=\"https:\/\/www.ifmarinvast.se\/orientering\/wp-content\/uploads\/2013\/07\/bild-3.jpg 3008w, https:\/\/www.ifmarinvast.se\/orientering\/wp-content\/uploads\/2013\/07\/bild-3-300x199.jpg 300w, https:\/\/www.ifmarinvast.se\/orientering\/wp-content\/uploads\/2013\/07\/bild-3-1024x681.jpg 1024w\" sizes=\"auto, (max-width: 388px) 100vw, 388px\" \/><br \/><\/a>Kyrkan byggdes p\u00e5 1400-talet som ett skrytbygge f\u00f6r att bl\u00e4nda ryssen och f\u00f6r att skr\u00e4mma befolkningen till underkastelse f\u00f6r centralmakten i syd.<\/p>\n<p><a href=\"http:\/\/ifmvorientering.files.wordpress.com\/2013\/07\/bild-4.jpg\"><img loading=\"lazy\" decoding=\"async\" class=\"alignnone size-full wp-image-110\" alt=\"bild (4)\" src=\"http:\/\/ifmvorientering.files.wordpress.com\/2013\/07\/bild-4.jpg\" width=\"388\" height=\"583\" srcset=\"https:\/\/www.ifmarinvast.se\/orientering\/wp-content\/uploads\/2013\/07\/bild-4.jpg 2000w, https:\/\/www.ifmarinvast.se\/orientering\/wp-content\/uploads\/2013\/07\/bild-4-199x300.jpg 199w, https:\/\/www.ifmarinvast.se\/orientering\/wp-content\/uploads\/2013\/07\/bild-4-681x1024.jpg 681w\" sizes=\"auto, (max-width: 388px) 100vw, 388px\" \/><br \/><\/a>Extra stor fem\u00f6ring tillika brunnslock.<\/p>\n<p><a href=\"http:\/\/ifmvorientering.files.wordpress.com\/2013\/07\/bild-5.jpg\"><img loading=\"lazy\" decoding=\"async\" class=\"alignnone size-full wp-image-111\" alt=\"bild (5)\" src=\"http:\/\/ifmvorientering.files.wordpress.com\/2013\/07\/bild-5.jpg\" width=\"388\" height=\"257\" srcset=\"https:\/\/www.ifmarinvast.se\/orientering\/wp-content\/uploads\/2013\/07\/bild-5.jpg 3008w, https:\/\/www.ifmarinvast.se\/orientering\/wp-content\/uploads\/2013\/07\/bild-5-300x199.jpg 300w, https:\/\/www.ifmarinvast.se\/orientering\/wp-content\/uploads\/2013\/07\/bild-5-1024x681.jpg 1024w\" sizes=\"auto, (max-width: 388px) 100vw, 388px\" \/><br \/><\/a>Anja provar en tidstypisk huvudbonad.<\/p>\n","protected":false},"excerpt":{"rendered":"<p>Karin, Linda och Klas poserar f\u00f6r fotografen samt g\u00f6r sig redo f\u00f6r att \u00e5ka buss. Kyrkan i bakgrunden. Promenad bland de fantastiska kyrkstugorna som tillsammans med pyramiderna finns p\u00e5 UNESCOs [&hellip;]<\/p>\n","protected":false},"author":2,"featured_media":0,"comment_status":"open","ping_status":"open","sticky":false,"template":"","format":"standard","meta":{"footnotes":""},"categories":[263],"tags":[268],"class_list":["post-101","post","type-post","status-publish","format-standard","hentry","category-bloggen","tag-o-ringen-boden-2013"],"_links":{"self":[{"href":"https:\/\/www.ifmarinvast.se\/orientering\/wp-json\/wp\/v2\/posts\/101","targetHints":{"allow":["GET"]}}],"collection":[{"href":"https:\/\/www.ifmarinvast.se\/orientering\/wp-json\/wp\/v2\/posts"}],"about":[{"href":"https:\/\/www.ifmarinvast.se\/orientering\/wp-json\/wp\/v2\/types\/post"}],"author":[{"embeddable":true,"href":"https:\/\/www.ifmarinvast.se\/orientering\/wp-json\/wp\/v2\/users\/2"}],"replies":[{"embeddable":true,"href":"https:\/\/www.ifmarinvast.se\/orientering\/wp-json\/wp\/v2\/comments?post=101"}],"version-history":[{"count":1,"href":"https:\/\/www.ifmarinvast.se\/orientering\/wp-json\/wp\/v2\/posts\/101\/revisions"}],"predecessor-version":[{"id":2987,"href":"https:\/\/www.ifmarinvast.se\/orientering\/wp-json\/wp\/v2\/posts\/101\/revisions\/2987"}],"wp:attachment":[{"href":"https:\/\/www.ifmarinvast.se\/orientering\/wp-json\/wp\/v2\/media?parent=101"}],"wp:term":[{"taxonomy":"category","embeddable":true,"href":"https:\/\/www.ifmarinvast.se\/orientering\/wp-json\/wp\/v2\/categories?post=101"},{"taxonomy":"post_tag","embeddable":true,"href":"https:\/\/www.ifmarinvast.se\/orientering\/wp-json\/wp\/v2\/tags?post=101"}],"curies":[{"name":"wp","href":"https:\/\/api.w.org\/{rel}","templated":true}]}}