{"id":1008,"date":"2005-05-30T00:00:00","date_gmt":"2005-05-29T22:00:00","guid":{"rendered":"http:\/\/ifmarinvast.se\/2016\/varavslutning-den-11-juni\/"},"modified":"2015-10-11T14:43:49","modified_gmt":"2015-10-11T12:43:49","slug":"varavslutning-den-11-juni","status":"publish","type":"post","link":"https:\/\/www.ifmarinvast.se\/orientering\/varavslutning-den-11-juni\/","title":{"rendered":"V\u00e5ravslutning den 11 juni"},"content":{"rendered":"<p>Den 11:e juni \u00e4r det dags f\u00f6r v\u00e5ravslutning. Samling vid vakten klockan 14.00. Som vanligt blir det prisutdelning och korvgrillning mm f\u00f6r s\u00e5v\u00e4l ung som gammal.<\/p>\n","protected":false},"excerpt":{"rendered":"<p>Den 11:e juni \u00e4r det dags f\u00f6r v\u00e5ravslutning. Samling vid vakten klockan 14.00. Som vanligt blir det prisutdelning och korvgrillning mm f\u00f6r s\u00e5v\u00e4l ung som gammal.<\/p>\n","protected":false},"author":2,"featured_media":0,"comment_status":"open","ping_status":"open","sticky":false,"template":"","format":"standard","meta":{"footnotes":""},"categories":[262,1],"tags":[],"class_list":["post-1008","post","type-post","status-publish","format-standard","hentry","category-nyheter","category-okategoriserade"],"_links":{"self":[{"href":"https:\/\/www.ifmarinvast.se\/orientering\/wp-json\/wp\/v2\/posts\/1008","targetHints":{"allow":["GET"]}}],"collection":[{"href":"https:\/\/www.ifmarinvast.se\/orientering\/wp-json\/wp\/v2\/posts"}],"about":[{"href":"https:\/\/www.ifmarinvast.se\/orientering\/wp-json\/wp\/v2\/types\/post"}],"author":[{"embeddable":true,"href":"https:\/\/www.ifmarinvast.se\/orientering\/wp-json\/wp\/v2\/users\/2"}],"replies":[{"embeddable":true,"href":"https:\/\/www.ifmarinvast.se\/orientering\/wp-json\/wp\/v2\/comments?post=1008"}],"version-history":[{"count":1,"href":"https:\/\/www.ifmarinvast.se\/orientering\/wp-json\/wp\/v2\/posts\/1008\/revisions"}],"predecessor-version":[{"id":1838,"href":"https:\/\/www.ifmarinvast.se\/orientering\/wp-json\/wp\/v2\/posts\/1008\/revisions\/1838"}],"wp:attachment":[{"href":"https:\/\/www.ifmarinvast.se\/orientering\/wp-json\/wp\/v2\/media?parent=1008"}],"wp:term":[{"taxonomy":"category","embeddable":true,"href":"https:\/\/www.ifmarinvast.se\/orientering\/wp-json\/wp\/v2\/categories?post=1008"},{"taxonomy":"post_tag","embeddable":true,"href":"https:\/\/www.ifmarinvast.se\/orientering\/wp-json\/wp\/v2\/tags?post=1008"}],"curies":[{"name":"wp","href":"https:\/\/api.w.org\/{rel}","templated":true}]}}