{"id":1007,"date":"2005-05-27T00:00:00","date_gmt":"2005-05-26T22:00:00","guid":{"rendered":"http:\/\/ifmarinvast.se\/2016\/trojor-och-pengar\/"},"modified":"2015-10-11T14:43:49","modified_gmt":"2015-10-11T12:43:49","slug":"trojor-och-pengar","status":"publish","type":"post","link":"https:\/\/www.ifmarinvast.se\/orientering\/trojor-och-pengar\/","title":{"rendered":"Tr\u00f6jor och pengar!"},"content":{"rendered":"<p>Ett sista \u00e4rende vad g\u00e4ller klubbkl\u00e4der f\u00f6r en del av er som k\u00f6pt s\u00e5dana:<\/p>\n<p>-p\u00e5\/efter V\u00e5rserien E4, l\u00f6rdag 28\/5, p\u00e5 TC<br \/>-p\u00e5 m\u00e5ndag 30\/5, kl 18-21, H\u00f6nekullegatan 5<br \/>-p\u00e5 onsdag 1\/6, kl 18-19.30,  H\u00f6nekullegatan 5<\/p>\n<p>kommer jag att finnas till hands f\u00f6r att l\u00f6sa fr\u00e5gorna med funktionstr\u00f6jor resp. pengar f\u00f6r saknade overallreflexer. Alla ber\u00f6rda ska ha f\u00e5tt ett mail med mer detaljer.<\/p>\n<p>Undrar ni n\u00e5got, <a href='mailto:linda@ifmv.nu'>kontakta mig!<\/a><\/p>\n","protected":false},"excerpt":{"rendered":"<p>Ett sista \u00e4rende vad g\u00e4ller klubbkl\u00e4der f\u00f6r en del av er som k\u00f6pt s\u00e5dana: -p\u00e5\/efter V\u00e5rserien E4, l\u00f6rdag 28\/5, p\u00e5 TC-p\u00e5 m\u00e5ndag 30\/5, kl 18-21, H\u00f6nekullegatan 5-p\u00e5 onsdag 1\/6, kl [&hellip;]<\/p>\n","protected":false},"author":2,"featured_media":0,"comment_status":"open","ping_status":"open","sticky":false,"template":"","format":"standard","meta":{"footnotes":""},"categories":[262,1],"tags":[],"class_list":["post-1007","post","type-post","status-publish","format-standard","hentry","category-nyheter","category-okategoriserade"],"_links":{"self":[{"href":"https:\/\/www.ifmarinvast.se\/orientering\/wp-json\/wp\/v2\/posts\/1007","targetHints":{"allow":["GET"]}}],"collection":[{"href":"https:\/\/www.ifmarinvast.se\/orientering\/wp-json\/wp\/v2\/posts"}],"about":[{"href":"https:\/\/www.ifmarinvast.se\/orientering\/wp-json\/wp\/v2\/types\/post"}],"author":[{"embeddable":true,"href":"https:\/\/www.ifmarinvast.se\/orientering\/wp-json\/wp\/v2\/users\/2"}],"replies":[{"embeddable":true,"href":"https:\/\/www.ifmarinvast.se\/orientering\/wp-json\/wp\/v2\/comments?post=1007"}],"version-history":[{"count":1,"href":"https:\/\/www.ifmarinvast.se\/orientering\/wp-json\/wp\/v2\/posts\/1007\/revisions"}],"predecessor-version":[{"id":1837,"href":"https:\/\/www.ifmarinvast.se\/orientering\/wp-json\/wp\/v2\/posts\/1007\/revisions\/1837"}],"wp:attachment":[{"href":"https:\/\/www.ifmarinvast.se\/orientering\/wp-json\/wp\/v2\/media?parent=1007"}],"wp:term":[{"taxonomy":"category","embeddable":true,"href":"https:\/\/www.ifmarinvast.se\/orientering\/wp-json\/wp\/v2\/categories?post=1007"},{"taxonomy":"post_tag","embeddable":true,"href":"https:\/\/www.ifmarinvast.se\/orientering\/wp-json\/wp\/v2\/tags?post=1007"}],"curies":[{"name":"wp","href":"https:\/\/api.w.org\/{rel}","templated":true}]}}